{"id":32177,"date":"2024-04-02T19:03:38","date_gmt":"2024-04-02T19:03:38","guid":{"rendered":"https:\/\/blogdorogeriogomes.com.br\/noticias\/?p=32177"},"modified":"2024-04-02T19:03:38","modified_gmt":"2024-04-02T19:03:38","slug":"elmano-de-freitas-confirma-pagamento-de-terceira-parcela-de-precatorios-para-professores-nesta-quinta-feira","status":"publish","type":"post","link":"https:\/\/blogdorogeriogomes.com.br\/noticias\/2024\/04\/elmano-de-freitas-confirma-pagamento-de-terceira-parcela-de-precatorios-para-professores-nesta-quinta-feira\/","title":{"rendered":"Elmano de Freitas confirma pagamento de terceira parcela de precat\u00f3rios para professores nesta quinta-feira"},"content":{"rendered":"\n<p>O governador Elmano de Freitas confirmou o pagamento da terceira parcela\u00a0dos precat\u00f3rios do\u00a0Fundo de Manuten\u00e7\u00e3o e Desenvolvimento do Ensino Fundamental e de Valoriza\u00e7\u00e3o do Minist\u00e9rio (Fundef) para esta quinta-feira, dia 4 de abril. O pagamento deveria ter sido feito na segunda-feira, dia 1\u00ba, mas o Governo do Estado alegou problemas t\u00e9cnicos. Com o pagamento, quase R$ 630 milh\u00f5es ser\u00e3o repassados aos profissionais que estavam ativos entre 1998 e 2006.\u00a0<\/p>\n\n\n\n<p>&#8220;Informo aos professores e \u00e0s professoras cearenses que o pagamento da terceira parcela dos precat\u00f3rios do Fundef ser\u00e1 efetuado at\u00e9 esta quinta-feira, uma vez sanadas as quest\u00f5es t\u00e9cnicas do sistema. Quase R$ 630 milh\u00f5es ser\u00e3o repassados aos profissionais, que estavam ativos entre 1998 e 2006&#8221;, destacou Elmano de Freitas atrav\u00e9s das redes sociais.<\/p>\n\n\n\n<figure class=\"wp-block-image size-full\"><img loading=\"lazy\" decoding=\"async\" width=\"984\" height=\"738\" src=\"https:\/\/blogdorogeriogomes.com.br\/noticias\/wp-content\/uploads\/2024\/04\/dinheiro-2.jpeg\" alt=\"\" class=\"wp-image-32178\" srcset=\"https:\/\/blogdorogeriogomes.com.br\/noticias\/wp-content\/uploads\/2024\/04\/dinheiro-2.jpeg 984w, https:\/\/blogdorogeriogomes.com.br\/noticias\/wp-content\/uploads\/2024\/04\/dinheiro-2-300x225.jpeg 300w, https:\/\/blogdorogeriogomes.com.br\/noticias\/wp-content\/uploads\/2024\/04\/dinheiro-2-768x576.jpeg 768w, https:\/\/blogdorogeriogomes.com.br\/noticias\/wp-content\/uploads\/2024\/04\/dinheiro-2-800x600.jpeg 800w, https:\/\/blogdorogeriogomes.com.br\/noticias\/wp-content\/uploads\/2024\/04\/dinheiro-2-400x300.jpeg 400w\" sizes=\"auto, (max-width: 984px) 100vw, 984px\" \/><\/figure>\n","protected":false},"excerpt":{"rendered":"<p>O governador Elmano de Freitas confirmou o pagamento da terceira parcela\u00a0dos precat\u00f3rios do\u00a0Fundo de Manuten\u00e7\u00e3o e Desenvolvimento do Ensino Fundamental e de Valoriza\u00e7\u00e3o do Minist\u00e9rio (Fundef) para esta quinta-feira, dia 4 de abril. O pagamento deveria ter sido feito na segunda-feira, dia 1\u00ba, mas o Governo do Estado alegou problemas t\u00e9cnicos. Com o pagamento, quase R$ 630 milh\u00f5es ser\u00e3o repassados aos profissionais que estavam ativos entre 1998 e 2006.\u00a0 &#8220;Informo aos professores e \u00e0s professoras cearenses que o pagamento&hellip;<\/p>\n","protected":false},"author":1,"featured_media":32178,"comment_status":"open","ping_status":"open","sticky":false,"template":"","format":"standard","meta":{"footnotes":""},"categories":[1],"tags":[],"class_list":["post-32177","post","type-post","status-publish","format-standard","has-post-thumbnail","hentry","category-noticias"],"_links":{"self":[{"href":"https:\/\/blogdorogeriogomes.com.br\/noticias\/wp-json\/wp\/v2\/posts\/32177","targetHints":{"allow":["GET"]}}],"collection":[{"href":"https:\/\/blogdorogeriogomes.com.br\/noticias\/wp-json\/wp\/v2\/posts"}],"about":[{"href":"https:\/\/blogdorogeriogomes.com.br\/noticias\/wp-json\/wp\/v2\/types\/post"}],"author":[{"embeddable":true,"href":"https:\/\/blogdorogeriogomes.com.br\/noticias\/wp-json\/wp\/v2\/users\/1"}],"replies":[{"embeddable":true,"href":"https:\/\/blogdorogeriogomes.com.br\/noticias\/wp-json\/wp\/v2\/comments?post=32177"}],"version-history":[{"count":1,"href":"https:\/\/blogdorogeriogomes.com.br\/noticias\/wp-json\/wp\/v2\/posts\/32177\/revisions"}],"predecessor-version":[{"id":32179,"href":"https:\/\/blogdorogeriogomes.com.br\/noticias\/wp-json\/wp\/v2\/posts\/32177\/revisions\/32179"}],"wp:featuredmedia":[{"embeddable":true,"href":"https:\/\/blogdorogeriogomes.com.br\/noticias\/wp-json\/wp\/v2\/media\/32178"}],"wp:attachment":[{"href":"https:\/\/blogdorogeriogomes.com.br\/noticias\/wp-json\/wp\/v2\/media?parent=32177"}],"wp:term":[{"taxonomy":"category","embeddable":true,"href":"https:\/\/blogdorogeriogomes.com.br\/noticias\/wp-json\/wp\/v2\/categories?post=32177"},{"taxonomy":"post_tag","embeddable":true,"href":"https:\/\/blogdorogeriogomes.com.br\/noticias\/wp-json\/wp\/v2\/tags?post=32177"}],"curies":[{"name":"wp","href":"https:\/\/api.w.org\/{rel}","templated":true}]}}