{"id":32180,"date":"2024-04-03T11:27:59","date_gmt":"2024-04-03T11:27:59","guid":{"rendered":"https:\/\/blogdorogeriogomes.com.br\/noticias\/?p=32180"},"modified":"2024-04-03T11:27:59","modified_gmt":"2024-04-03T11:27:59","slug":"tre-do-ceara-julga-nesta-quarta-feira-pedido-de-desfiliacao-de-deputados-do-pdt-parecer-do-mpe-e-contrario-a-saida","status":"publish","type":"post","link":"https:\/\/blogdorogeriogomes.com.br\/noticias\/2024\/04\/tre-do-ceara-julga-nesta-quarta-feira-pedido-de-desfiliacao-de-deputados-do-pdt-parecer-do-mpe-e-contrario-a-saida\/","title":{"rendered":"TRE do Cear\u00e1 julga nesta quarta-feira pedido de desfilia\u00e7\u00e3o de deputados do PDT. Parecer do MPE \u00e9 contr\u00e1rio \u00e0 sa\u00edda"},"content":{"rendered":"\n<p>O Tribunal Regional Eleitoral do Cear\u00e1 (TRE-CE) julga nesta quarta-feira, dia 3 de abril, o pedido de deputados estaduais e federais do PDT do Cear\u00e1 que desejam deixar o partido sem o risco de ter o mandato requerido pela dire\u00e7\u00e3o da legenda. O grupo alega persegui\u00e7\u00e3o pol\u00edtica da Executiva Nacional como argumento para sair do PDT. O senador Cid Gomes e o presidente da Assembleia Legislativa do Cear\u00e1, Evandro Leit\u00e3o, j\u00e1 deixaram o partido hoje comandado nacionalmente pelo deputado federal Andr\u00e9 Figueiredo.<\/p>\n\n\n\n<p>Os parlamentares que protocolaram o pedido s\u00e3o  Tin Gomes (suplente), Ant\u00f4nio Granja, Bruno Pedrosa, Guilherme Bismarck, Guilherme Landim, Helaine Coelho (suplente), Salmito Filho (licenciado), Jeov\u00e1 Mota, Lia Gomes, Marcos Sobreira, Oriel Nunes (licenciado), Osmar Baquit (licenciado), Romeu Aldigueri e S\u00e9rgio Aguiar.<\/p>\n\n\n\n<p>Nesta ter\u00e7a-feira, dia 2, o Minist\u00e9rio P\u00fablico Eleitoral do Cear\u00e1 (MPE) emitiu parecer contr\u00e1rio \u00e0 a\u00e7\u00e3o impetrada por parte da bancada estadual do PDT pedindo desfilia\u00e7\u00e3o da sigla sem a perda de mandato. Para a procuradora regional eleitoral substituta Marina Romero de Vasconcelos, n\u00e3o h\u00e1 justificativa para a manuten\u00e7\u00e3o dos mandatos para os deputados. No entendimento do MP, os mandatos seguem sendo do PDT.<\/p>\n\n\n\n<figure class=\"wp-block-image size-large\"><img loading=\"lazy\" decoding=\"async\" width=\"1024\" height=\"768\" src=\"https:\/\/blogdorogeriogomes.com.br\/noticias\/wp-content\/uploads\/2024\/04\/PDT-1024x768.jpeg\" alt=\"\" class=\"wp-image-32181\" srcset=\"https:\/\/blogdorogeriogomes.com.br\/noticias\/wp-content\/uploads\/2024\/04\/PDT-1024x768.jpeg 1024w, https:\/\/blogdorogeriogomes.com.br\/noticias\/wp-content\/uploads\/2024\/04\/PDT-300x225.jpeg 300w, https:\/\/blogdorogeriogomes.com.br\/noticias\/wp-content\/uploads\/2024\/04\/PDT-768x576.jpeg 768w, https:\/\/blogdorogeriogomes.com.br\/noticias\/wp-content\/uploads\/2024\/04\/PDT-1536x1152.jpeg 1536w, https:\/\/blogdorogeriogomes.com.br\/noticias\/wp-content\/uploads\/2024\/04\/PDT-800x600.jpeg 800w, https:\/\/blogdorogeriogomes.com.br\/noticias\/wp-content\/uploads\/2024\/04\/PDT-400x300.jpeg 400w, https:\/\/blogdorogeriogomes.com.br\/noticias\/wp-content\/uploads\/2024\/04\/PDT.jpeg 1600w\" sizes=\"auto, (max-width: 1024px) 100vw, 1024px\" \/><\/figure>\n","protected":false},"excerpt":{"rendered":"<p>O Tribunal Regional Eleitoral do Cear\u00e1 (TRE-CE) julga nesta quarta-feira, dia 3 de abril, o pedido de deputados estaduais e federais do PDT do Cear\u00e1 que desejam deixar o partido sem o risco de ter o mandato requerido pela dire\u00e7\u00e3o da legenda. O grupo alega persegui\u00e7\u00e3o pol\u00edtica da Executiva Nacional como argumento para sair do PDT. O senador Cid Gomes e o presidente da Assembleia Legislativa do Cear\u00e1, Evandro Leit\u00e3o, j\u00e1 deixaram o partido hoje comandado nacionalmente pelo deputado&hellip;<\/p>\n","protected":false},"author":1,"featured_media":32181,"comment_status":"open","ping_status":"open","sticky":false,"template":"","format":"standard","meta":{"footnotes":""},"categories":[1],"tags":[],"class_list":["post-32180","post","type-post","status-publish","format-standard","has-post-thumbnail","hentry","category-noticias"],"_links":{"self":[{"href":"https:\/\/blogdorogeriogomes.com.br\/noticias\/wp-json\/wp\/v2\/posts\/32180","targetHints":{"allow":["GET"]}}],"collection":[{"href":"https:\/\/blogdorogeriogomes.com.br\/noticias\/wp-json\/wp\/v2\/posts"}],"about":[{"href":"https:\/\/blogdorogeriogomes.com.br\/noticias\/wp-json\/wp\/v2\/types\/post"}],"author":[{"embeddable":true,"href":"https:\/\/blogdorogeriogomes.com.br\/noticias\/wp-json\/wp\/v2\/users\/1"}],"replies":[{"embeddable":true,"href":"https:\/\/blogdorogeriogomes.com.br\/noticias\/wp-json\/wp\/v2\/comments?post=32180"}],"version-history":[{"count":1,"href":"https:\/\/blogdorogeriogomes.com.br\/noticias\/wp-json\/wp\/v2\/posts\/32180\/revisions"}],"predecessor-version":[{"id":32182,"href":"https:\/\/blogdorogeriogomes.com.br\/noticias\/wp-json\/wp\/v2\/posts\/32180\/revisions\/32182"}],"wp:featuredmedia":[{"embeddable":true,"href":"https:\/\/blogdorogeriogomes.com.br\/noticias\/wp-json\/wp\/v2\/media\/32181"}],"wp:attachment":[{"href":"https:\/\/blogdorogeriogomes.com.br\/noticias\/wp-json\/wp\/v2\/media?parent=32180"}],"wp:term":[{"taxonomy":"category","embeddable":true,"href":"https:\/\/blogdorogeriogomes.com.br\/noticias\/wp-json\/wp\/v2\/categories?post=32180"},{"taxonomy":"post_tag","embeddable":true,"href":"https:\/\/blogdorogeriogomes.com.br\/noticias\/wp-json\/wp\/v2\/tags?post=32180"}],"curies":[{"name":"wp","href":"https:\/\/api.w.org\/{rel}","templated":true}]}}