{"id":32183,"date":"2024-04-03T11:37:04","date_gmt":"2024-04-03T11:37:04","guid":{"rendered":"https:\/\/blogdorogeriogomes.com.br\/noticias\/?p=32183"},"modified":"2024-04-03T11:37:05","modified_gmt":"2024-04-03T11:37:05","slug":"proposta-de-reajuste-dos-servidores-municipais-de-fortaleza-deve-ser-votada-ainda-esta-semana-na-camara-municipal","status":"publish","type":"post","link":"https:\/\/blogdorogeriogomes.com.br\/noticias\/2024\/04\/proposta-de-reajuste-dos-servidores-municipais-de-fortaleza-deve-ser-votada-ainda-esta-semana-na-camara-municipal\/","title":{"rendered":"Proposta de reajuste dos servidores municipais de Fortaleza deve ser votada ainda esta semana na C\u00e2mara Municipal"},"content":{"rendered":"\n<p>Encaminhado pelo prefeito Jos\u00e9 Sarto (PDT), o\u00a0projeto concede a revis\u00e3o anual dos sal\u00e1rios dos servidores municipais de Fortaleza, com o percentual de 3,62% de janeiro a maio e a partir do m\u00eas de junho chegando ao percentual de 4,62%. O projeto prev\u00ea ainda o aumento do valor do auxilio-refei\u00e7\u00e3o de R$ 15 reais para RS 16,20, al\u00e9m do teto salarial para o recebimento da gratifica\u00e7\u00e3o.<\/p>\n\n\n\n<p>A proposta, tramitando em regime de urg\u00eancia, est\u00e1 sob an\u00e1lise da Comiss\u00e3o Conjunta de Legisla\u00e7\u00e3o e Or\u00e7amento. Em reuni\u00e3o extraordin\u00e1ria da Comiss\u00e3o, convocada na sess\u00e3o plen\u00e1ria desta ter\u00e7a-feira, dia 2 de abril, foi designado o vereador Iraguass\u00fa Filho como relator, recebendo pedido de vistas dos vereadores Eudes Bringel (PSB), Professora Adriana Almeida (PT) e Dr. Vicente (PT).<\/p>\n\n\n\n<p>A mat\u00e9ria prev\u00ea o pagamento do benef\u00edcio na folha de maio, enquadrando aposentados e pensionistas, com um impacto anual de R$ 215 milh\u00f5es. O benef\u00edcio do auxilio-refei\u00e7\u00e3o ser\u00e1 ampliado aos servidores com remunera\u00e7\u00e3o abaixo de R$ 8.200,00 (oito mil e duzentos reais) na soma de todos os cargos e fun\u00e7\u00f5es que ocupem.<\/p>\n\n\n\n<figure class=\"wp-block-image size-full\"><img loading=\"lazy\" decoding=\"async\" width=\"800\" height=\"533\" src=\"https:\/\/blogdorogeriogomes.com.br\/noticias\/wp-content\/uploads\/2024\/04\/Sessao-plenaria-20.jpg\" alt=\"\" class=\"wp-image-32184\" srcset=\"https:\/\/blogdorogeriogomes.com.br\/noticias\/wp-content\/uploads\/2024\/04\/Sessao-plenaria-20.jpg 800w, https:\/\/blogdorogeriogomes.com.br\/noticias\/wp-content\/uploads\/2024\/04\/Sessao-plenaria-20-300x200.jpg 300w, https:\/\/blogdorogeriogomes.com.br\/noticias\/wp-content\/uploads\/2024\/04\/Sessao-plenaria-20-768x512.jpg 768w\" sizes=\"auto, (max-width: 800px) 100vw, 800px\" \/><figcaption class=\"wp-element-caption\">Sess\u00e3o plen\u00e1ria<\/figcaption><\/figure>\n","protected":false},"excerpt":{"rendered":"<p>Encaminhado pelo prefeito Jos\u00e9 Sarto (PDT), o\u00a0projeto concede a revis\u00e3o anual dos sal\u00e1rios dos servidores municipais de Fortaleza, com o percentual de 3,62% de janeiro a maio e a partir do m\u00eas de junho chegando ao percentual de 4,62%. O projeto prev\u00ea ainda o aumento do valor do auxilio-refei\u00e7\u00e3o de R$ 15 reais para RS 16,20, al\u00e9m do teto salarial para o recebimento da gratifica\u00e7\u00e3o. A proposta, tramitando em regime de urg\u00eancia, est\u00e1 sob an\u00e1lise da Comiss\u00e3o Conjunta de&hellip;<\/p>\n","protected":false},"author":1,"featured_media":32184,"comment_status":"open","ping_status":"open","sticky":false,"template":"","format":"standard","meta":{"footnotes":""},"categories":[1],"tags":[],"class_list":["post-32183","post","type-post","status-publish","format-standard","has-post-thumbnail","hentry","category-noticias"],"_links":{"self":[{"href":"https:\/\/blogdorogeriogomes.com.br\/noticias\/wp-json\/wp\/v2\/posts\/32183","targetHints":{"allow":["GET"]}}],"collection":[{"href":"https:\/\/blogdorogeriogomes.com.br\/noticias\/wp-json\/wp\/v2\/posts"}],"about":[{"href":"https:\/\/blogdorogeriogomes.com.br\/noticias\/wp-json\/wp\/v2\/types\/post"}],"author":[{"embeddable":true,"href":"https:\/\/blogdorogeriogomes.com.br\/noticias\/wp-json\/wp\/v2\/users\/1"}],"replies":[{"embeddable":true,"href":"https:\/\/blogdorogeriogomes.com.br\/noticias\/wp-json\/wp\/v2\/comments?post=32183"}],"version-history":[{"count":1,"href":"https:\/\/blogdorogeriogomes.com.br\/noticias\/wp-json\/wp\/v2\/posts\/32183\/revisions"}],"predecessor-version":[{"id":32185,"href":"https:\/\/blogdorogeriogomes.com.br\/noticias\/wp-json\/wp\/v2\/posts\/32183\/revisions\/32185"}],"wp:featuredmedia":[{"embeddable":true,"href":"https:\/\/blogdorogeriogomes.com.br\/noticias\/wp-json\/wp\/v2\/media\/32184"}],"wp:attachment":[{"href":"https:\/\/blogdorogeriogomes.com.br\/noticias\/wp-json\/wp\/v2\/media?parent=32183"}],"wp:term":[{"taxonomy":"category","embeddable":true,"href":"https:\/\/blogdorogeriogomes.com.br\/noticias\/wp-json\/wp\/v2\/categories?post=32183"},{"taxonomy":"post_tag","embeddable":true,"href":"https:\/\/blogdorogeriogomes.com.br\/noticias\/wp-json\/wp\/v2\/tags?post=32183"}],"curies":[{"name":"wp","href":"https:\/\/api.w.org\/{rel}","templated":true}]}}