{"id":32192,"date":"2024-04-03T12:02:44","date_gmt":"2024-04-03T12:02:44","guid":{"rendered":"https:\/\/blogdorogeriogomes.com.br\/noticias\/?p=32192"},"modified":"2024-04-03T12:02:45","modified_gmt":"2024-04-03T12:02:45","slug":"federacao-das-cdls-do-ceara-recebe-secretario-da-sspds-para-discutir-seguranca-na-area-do-comercio-no-estado","status":"publish","type":"post","link":"https:\/\/blogdorogeriogomes.com.br\/noticias\/2024\/04\/federacao-das-cdls-do-ceara-recebe-secretario-da-sspds-para-discutir-seguranca-na-area-do-comercio-no-estado\/","title":{"rendered":"Federa\u00e7\u00e3o das CDLs do Cear\u00e1 recebe secret\u00e1rio da SSPDS para discutir seguran\u00e7a na \u00e1rea do com\u00e9rcio no estado"},"content":{"rendered":"\n<p>O secret\u00e1rio de Seguran\u00e7a P\u00fablica e Defesa Social do Cear\u00e1, Samuel Elanio, \u00e9 o convidado, nesta quarta-feira, dia 3 de abril, do presidente da Federa\u00e7\u00e3o das CDLs do Cear\u00e1 (FCDL-CE), Freitas Cordeiro, e de sua diretoria em encontro na sede da entidade em Fortaleza. O objetivo da reuni\u00e3o \u00e9 discutir a\u00e7\u00f5es e demandas de seguran\u00e7a p\u00fablica para o com\u00e9rcio do Cear\u00e1.<\/p>\n\n\n\n<p>O Governo do Estado vem tra\u00e7ando uma estrat\u00e9gia para diminuir o n\u00famero de assaltos relacionados a \u00e1rea comercial das grandes cidades. Em Fortaleza, as mais recentes a\u00e7\u00f5es foi o refor\u00e7o no policiamento nas paradas de \u00f4nibus e agora o lan\u00e7amento do aplicativo Meu Celular para iniciar e recuperar aparelhos celulares que s\u00e3o roubados ou furtados.<\/p>\n\n\n\n<figure class=\"wp-block-image size-large\"><img loading=\"lazy\" decoding=\"async\" width=\"1024\" height=\"684\" src=\"https:\/\/blogdorogeriogomes.com.br\/noticias\/wp-content\/uploads\/2024\/04\/240402_LANC-PROG-MEU-CELULAR_CG07978-1200x802-1-1024x684.jpg\" alt=\"\" class=\"wp-image-32193\" srcset=\"https:\/\/blogdorogeriogomes.com.br\/noticias\/wp-content\/uploads\/2024\/04\/240402_LANC-PROG-MEU-CELULAR_CG07978-1200x802-1-1024x684.jpg 1024w, https:\/\/blogdorogeriogomes.com.br\/noticias\/wp-content\/uploads\/2024\/04\/240402_LANC-PROG-MEU-CELULAR_CG07978-1200x802-1-300x201.jpg 300w, https:\/\/blogdorogeriogomes.com.br\/noticias\/wp-content\/uploads\/2024\/04\/240402_LANC-PROG-MEU-CELULAR_CG07978-1200x802-1-768x513.jpg 768w, https:\/\/blogdorogeriogomes.com.br\/noticias\/wp-content\/uploads\/2024\/04\/240402_LANC-PROG-MEU-CELULAR_CG07978-1200x802-1-800x535.jpg 800w, https:\/\/blogdorogeriogomes.com.br\/noticias\/wp-content\/uploads\/2024\/04\/240402_LANC-PROG-MEU-CELULAR_CG07978-1200x802-1.jpg 1200w\" sizes=\"auto, (max-width: 1024px) 100vw, 1024px\" \/><\/figure>\n\n\n\n<p><\/p>\n\n\n\n<p><\/p>\n","protected":false},"excerpt":{"rendered":"<p>O secret\u00e1rio de Seguran\u00e7a P\u00fablica e Defesa Social do Cear\u00e1, Samuel Elanio, \u00e9 o convidado, nesta quarta-feira, dia 3 de abril, do presidente da Federa\u00e7\u00e3o das CDLs do Cear\u00e1 (FCDL-CE), Freitas Cordeiro, e de sua diretoria em encontro na sede da entidade em Fortaleza. O objetivo da reuni\u00e3o \u00e9 discutir a\u00e7\u00f5es e demandas de seguran\u00e7a p\u00fablica para o com\u00e9rcio do Cear\u00e1. O Governo do Estado vem tra\u00e7ando uma estrat\u00e9gia para diminuir o n\u00famero de assaltos relacionados a \u00e1rea comercial&hellip;<\/p>\n","protected":false},"author":1,"featured_media":32193,"comment_status":"open","ping_status":"open","sticky":false,"template":"","format":"standard","meta":{"footnotes":""},"categories":[1],"tags":[],"class_list":["post-32192","post","type-post","status-publish","format-standard","has-post-thumbnail","hentry","category-noticias"],"_links":{"self":[{"href":"https:\/\/blogdorogeriogomes.com.br\/noticias\/wp-json\/wp\/v2\/posts\/32192","targetHints":{"allow":["GET"]}}],"collection":[{"href":"https:\/\/blogdorogeriogomes.com.br\/noticias\/wp-json\/wp\/v2\/posts"}],"about":[{"href":"https:\/\/blogdorogeriogomes.com.br\/noticias\/wp-json\/wp\/v2\/types\/post"}],"author":[{"embeddable":true,"href":"https:\/\/blogdorogeriogomes.com.br\/noticias\/wp-json\/wp\/v2\/users\/1"}],"replies":[{"embeddable":true,"href":"https:\/\/blogdorogeriogomes.com.br\/noticias\/wp-json\/wp\/v2\/comments?post=32192"}],"version-history":[{"count":1,"href":"https:\/\/blogdorogeriogomes.com.br\/noticias\/wp-json\/wp\/v2\/posts\/32192\/revisions"}],"predecessor-version":[{"id":32194,"href":"https:\/\/blogdorogeriogomes.com.br\/noticias\/wp-json\/wp\/v2\/posts\/32192\/revisions\/32194"}],"wp:featuredmedia":[{"embeddable":true,"href":"https:\/\/blogdorogeriogomes.com.br\/noticias\/wp-json\/wp\/v2\/media\/32193"}],"wp:attachment":[{"href":"https:\/\/blogdorogeriogomes.com.br\/noticias\/wp-json\/wp\/v2\/media?parent=32192"}],"wp:term":[{"taxonomy":"category","embeddable":true,"href":"https:\/\/blogdorogeriogomes.com.br\/noticias\/wp-json\/wp\/v2\/categories?post=32192"},{"taxonomy":"post_tag","embeddable":true,"href":"https:\/\/blogdorogeriogomes.com.br\/noticias\/wp-json\/wp\/v2\/tags?post=32192"}],"curies":[{"name":"wp","href":"https:\/\/api.w.org\/{rel}","templated":true}]}}