{"id":32197,"date":"2024-04-03T17:36:41","date_gmt":"2024-04-03T17:36:41","guid":{"rendered":"https:\/\/blogdorogeriogomes.com.br\/noticias\/?p=32197"},"modified":"2024-04-03T17:36:42","modified_gmt":"2024-04-03T17:36:42","slug":"tre-do-ceara-aceita-desfiliacao-de-deputados-e-suplentes-do-pdt-sem-a-possibilidade-perda-de-mandato","status":"publish","type":"post","link":"https:\/\/blogdorogeriogomes.com.br\/noticias\/2024\/04\/tre-do-ceara-aceita-desfiliacao-de-deputados-e-suplentes-do-pdt-sem-a-possibilidade-perda-de-mandato\/","title":{"rendered":"TRE do Cear\u00e1 aceita desfilia\u00e7\u00e3o de deputados e suplentes do PDT sem a possibilidade perda de mandato"},"content":{"rendered":"\n<p>O Tribunal Regional Eleitoral do Cear\u00e1 acatou o pedido de desfilia\u00e7\u00e3o de parte da bancada do PDT na Assembleia Legislativa sem preju\u00edzo aos seus mandatos, em julgamento nesta quarta-feira, dia 3 de abril. A Corte reconheceu que os parlamentares sofreram grave discrimina\u00e7\u00e3o politica e pessoal desde as elei\u00e7\u00f5es de 2022. Ser\u00e3o beneficiados com a possibilidade de troca de legenda os deputados Ant\u00f4nio Granja, Bruno Pedrosa, Guilherme Bismarck, Guilherme Landim, Helaine Coelho, Jeov\u00e1 Mota, Lia Gomes, Marcos Sobreira, Oriel Nunes, Osmar Baquit, Romeu Aldigueri, Salmito, S\u00e9rgio Aguiar e Tin Gomes.<\/p>\n\n\n\n<p>Foi aceita pelo TRE o argumento de persegui\u00e7\u00e3o pol\u00edtica dos parlamentares, como a emiss\u00e3o e revoga\u00e7\u00e3o posterior das anu\u00eancias, a desativa\u00e7\u00e3o do diret\u00f3rio estadual para instalar comiss\u00e3o provisoria como artif\u00edcio para conter crises internas e a destitui\u00e7\u00e3o do senador Cid Gomes do comando do diret\u00f3rio estadual. Cid se transferiu para o PSB.<\/p>\n\n\n\n<p>De acordo com o presidente nacional em exerc\u00edcio do PDT, deputado federal Andr\u00e9 Figueiredo, o partido deve recorrer ao Tribunal Superior Eleitoral (TSE).<\/p>\n\n\n\n<figure class=\"wp-block-image size-full\"><img loading=\"lazy\" decoding=\"async\" width=\"479\" height=\"270\" src=\"https:\/\/blogdorogeriogomes.com.br\/noticias\/wp-content\/uploads\/2024\/04\/tre-ce-divulg.jpeg\" alt=\"\" class=\"wp-image-32198\" srcset=\"https:\/\/blogdorogeriogomes.com.br\/noticias\/wp-content\/uploads\/2024\/04\/tre-ce-divulg.jpeg 479w, https:\/\/blogdorogeriogomes.com.br\/noticias\/wp-content\/uploads\/2024\/04\/tre-ce-divulg-300x169.jpeg 300w\" sizes=\"auto, (max-width: 479px) 100vw, 479px\" \/><\/figure>\n","protected":false},"excerpt":{"rendered":"<p>O Tribunal Regional Eleitoral do Cear\u00e1 acatou o pedido de desfilia\u00e7\u00e3o de parte da bancada do PDT na Assembleia Legislativa sem preju\u00edzo aos seus mandatos, em julgamento nesta quarta-feira, dia 3 de abril. A Corte reconheceu que os parlamentares sofreram grave discrimina\u00e7\u00e3o politica e pessoal desde as elei\u00e7\u00f5es de 2022. Ser\u00e3o beneficiados com a possibilidade de troca de legenda os deputados Ant\u00f4nio Granja, Bruno Pedrosa, Guilherme Bismarck, Guilherme Landim, Helaine Coelho, Jeov\u00e1 Mota, Lia Gomes, Marcos Sobreira, Oriel Nunes,&hellip;<\/p>\n","protected":false},"author":1,"featured_media":32198,"comment_status":"open","ping_status":"open","sticky":false,"template":"","format":"standard","meta":{"footnotes":""},"categories":[1],"tags":[],"class_list":["post-32197","post","type-post","status-publish","format-standard","has-post-thumbnail","hentry","category-noticias"],"_links":{"self":[{"href":"https:\/\/blogdorogeriogomes.com.br\/noticias\/wp-json\/wp\/v2\/posts\/32197","targetHints":{"allow":["GET"]}}],"collection":[{"href":"https:\/\/blogdorogeriogomes.com.br\/noticias\/wp-json\/wp\/v2\/posts"}],"about":[{"href":"https:\/\/blogdorogeriogomes.com.br\/noticias\/wp-json\/wp\/v2\/types\/post"}],"author":[{"embeddable":true,"href":"https:\/\/blogdorogeriogomes.com.br\/noticias\/wp-json\/wp\/v2\/users\/1"}],"replies":[{"embeddable":true,"href":"https:\/\/blogdorogeriogomes.com.br\/noticias\/wp-json\/wp\/v2\/comments?post=32197"}],"version-history":[{"count":1,"href":"https:\/\/blogdorogeriogomes.com.br\/noticias\/wp-json\/wp\/v2\/posts\/32197\/revisions"}],"predecessor-version":[{"id":32199,"href":"https:\/\/blogdorogeriogomes.com.br\/noticias\/wp-json\/wp\/v2\/posts\/32197\/revisions\/32199"}],"wp:featuredmedia":[{"embeddable":true,"href":"https:\/\/blogdorogeriogomes.com.br\/noticias\/wp-json\/wp\/v2\/media\/32198"}],"wp:attachment":[{"href":"https:\/\/blogdorogeriogomes.com.br\/noticias\/wp-json\/wp\/v2\/media?parent=32197"}],"wp:term":[{"taxonomy":"category","embeddable":true,"href":"https:\/\/blogdorogeriogomes.com.br\/noticias\/wp-json\/wp\/v2\/categories?post=32197"},{"taxonomy":"post_tag","embeddable":true,"href":"https:\/\/blogdorogeriogomes.com.br\/noticias\/wp-json\/wp\/v2\/tags?post=32197"}],"curies":[{"name":"wp","href":"https:\/\/api.w.org\/{rel}","templated":true}]}}