{"id":32200,"date":"2024-04-04T10:56:19","date_gmt":"2024-04-04T10:56:19","guid":{"rendered":"https:\/\/blogdorogeriogomes.com.br\/noticias\/?p=32200"},"modified":"2024-04-04T10:56:20","modified_gmt":"2024-04-04T10:56:20","slug":"governadores-do-nordeste-participam-de-reuniao-em-brasilia-e-reforcam-pacto-por-equilibrio-fiscal-da-regiao","status":"publish","type":"post","link":"https:\/\/blogdorogeriogomes.com.br\/noticias\/2024\/04\/governadores-do-nordeste-participam-de-reuniao-em-brasilia-e-reforcam-pacto-por-equilibrio-fiscal-da-regiao\/","title":{"rendered":"Governadores do Nordeste participam de reuni\u00e3o em Bras\u00edlia e refor\u00e7am pacto por equil\u00edbrio fiscal da regi\u00e3o"},"content":{"rendered":"\n<p>Governadores do Nordeste e ministros do Governo Federal se reuniram em Bras\u00edlia, nesta quarta-feira, dia 3 de abril. A pauta central do encontro foi o fortalecimento do pacto pelo equil\u00edbrio fiscal da regi\u00e3o e de outros estados do pa\u00eds. O momento contou com a presen\u00e7a do governador do Cear\u00e1, Elmano de Freitas, do ministro da Fazenda, Fernando Haddad; da Casa Civil, Rui Costa; e ministro das Rela\u00e7\u00f5es Institucionais, Alexandre Padilha.<\/p>\n\n\n\n<p>O Cons\u00f3rcio Nordeste destacou algumas propostas buscando ampliar o leque de mecanismos de aux\u00edlio disponibilizados pelo Governo Federal, como a aprova\u00e7\u00e3o da PEC 51\/2019 para harmonizar o tratamento constitucional do Fundo de Participa\u00e7\u00e3o dos Estados (FPE) e do Fundo de Participa\u00e7\u00e3o dos Munic\u00edpios (FPM); um novo regime especial dos precat\u00f3rios e parcelamento previdenci\u00e1rio; al\u00e9m do alongamento de d\u00edvidas banc\u00e1rias.<\/p>\n\n\n\n<p>&#8220;\u00c9 fundamental esse di\u00e1logo entre o Governo Federal e os Estados para a garantia do equil\u00edbrio fiscal em nosso pa\u00eds, al\u00e9m de viabilizar a promo\u00e7\u00e3o de investimentos e o desenvolvimento regional\u201d, disse o governador Elmano de Freitas.<\/p>\n\n\n\n<figure class=\"wp-block-image size-full\"><img loading=\"lazy\" decoding=\"async\" width=\"799\" height=\"533\" src=\"https:\/\/blogdorogeriogomes.com.br\/noticias\/wp-content\/uploads\/2024\/04\/53629735306_02a23eeffd_c-1.jpg\" alt=\"\" class=\"wp-image-32201\" srcset=\"https:\/\/blogdorogeriogomes.com.br\/noticias\/wp-content\/uploads\/2024\/04\/53629735306_02a23eeffd_c-1.jpg 799w, https:\/\/blogdorogeriogomes.com.br\/noticias\/wp-content\/uploads\/2024\/04\/53629735306_02a23eeffd_c-1-300x200.jpg 300w, https:\/\/blogdorogeriogomes.com.br\/noticias\/wp-content\/uploads\/2024\/04\/53629735306_02a23eeffd_c-1-768x512.jpg 768w\" sizes=\"auto, (max-width: 799px) 100vw, 799px\" \/><\/figure>\n","protected":false},"excerpt":{"rendered":"<p>Governadores do Nordeste e ministros do Governo Federal se reuniram em Bras\u00edlia, nesta quarta-feira, dia 3 de abril. A pauta central do encontro foi o fortalecimento do pacto pelo equil\u00edbrio fiscal da regi\u00e3o e de outros estados do pa\u00eds. O momento contou com a presen\u00e7a do governador do Cear\u00e1, Elmano de Freitas, do ministro da Fazenda, Fernando Haddad; da Casa Civil, Rui Costa; e ministro das Rela\u00e7\u00f5es Institucionais, Alexandre Padilha. O Cons\u00f3rcio Nordeste destacou algumas propostas buscando ampliar o&hellip;<\/p>\n","protected":false},"author":1,"featured_media":32201,"comment_status":"open","ping_status":"open","sticky":false,"template":"","format":"standard","meta":{"footnotes":""},"categories":[1],"tags":[],"class_list":["post-32200","post","type-post","status-publish","format-standard","has-post-thumbnail","hentry","category-noticias"],"_links":{"self":[{"href":"https:\/\/blogdorogeriogomes.com.br\/noticias\/wp-json\/wp\/v2\/posts\/32200","targetHints":{"allow":["GET"]}}],"collection":[{"href":"https:\/\/blogdorogeriogomes.com.br\/noticias\/wp-json\/wp\/v2\/posts"}],"about":[{"href":"https:\/\/blogdorogeriogomes.com.br\/noticias\/wp-json\/wp\/v2\/types\/post"}],"author":[{"embeddable":true,"href":"https:\/\/blogdorogeriogomes.com.br\/noticias\/wp-json\/wp\/v2\/users\/1"}],"replies":[{"embeddable":true,"href":"https:\/\/blogdorogeriogomes.com.br\/noticias\/wp-json\/wp\/v2\/comments?post=32200"}],"version-history":[{"count":1,"href":"https:\/\/blogdorogeriogomes.com.br\/noticias\/wp-json\/wp\/v2\/posts\/32200\/revisions"}],"predecessor-version":[{"id":32202,"href":"https:\/\/blogdorogeriogomes.com.br\/noticias\/wp-json\/wp\/v2\/posts\/32200\/revisions\/32202"}],"wp:featuredmedia":[{"embeddable":true,"href":"https:\/\/blogdorogeriogomes.com.br\/noticias\/wp-json\/wp\/v2\/media\/32201"}],"wp:attachment":[{"href":"https:\/\/blogdorogeriogomes.com.br\/noticias\/wp-json\/wp\/v2\/media?parent=32200"}],"wp:term":[{"taxonomy":"category","embeddable":true,"href":"https:\/\/blogdorogeriogomes.com.br\/noticias\/wp-json\/wp\/v2\/categories?post=32200"},{"taxonomy":"post_tag","embeddable":true,"href":"https:\/\/blogdorogeriogomes.com.br\/noticias\/wp-json\/wp\/v2\/tags?post=32200"}],"curies":[{"name":"wp","href":"https:\/\/api.w.org\/{rel}","templated":true}]}}