{"id":32217,"date":"2024-04-05T00:47:24","date_gmt":"2024-04-05T00:47:24","guid":{"rendered":"https:\/\/blogdorogeriogomes.com.br\/noticias\/?p=32217"},"modified":"2024-04-05T00:47:27","modified_gmt":"2024-04-05T00:47:27","slug":"enel-ceara-decide-mudar-o-comando-jose-nunes-de-almeida-assume-presidencia-da-companhia","status":"publish","type":"post","link":"https:\/\/blogdorogeriogomes.com.br\/noticias\/2024\/04\/enel-ceara-decide-mudar-o-comando-jose-nunes-de-almeida-assume-presidencia-da-companhia\/","title":{"rendered":"Enel Cear\u00e1 decide mudar o comando. Jos\u00e9 Nunes de Almeida assume presid\u00eancia da companhia"},"content":{"rendered":"\n<p>A Enel Cear\u00e1 decidiu mudar o seu comando no estado. A presid\u00eancia da companhia passa a ser ocupada pelo executivo Jos\u00e9 Nunes de Almeida Neto. Ele atuava na fun\u00e7\u00e3o de diretor de rela\u00e7\u00f5es institucionais da Enel Brasil. O novo presidente substitui M\u00e1rcia Sandra Roque, que desempenhou a presid\u00eancia da Enel Cear\u00e1 nos \u00faltimos tr\u00eas anos. <\/p>\n\n\n\n<p>A mudan\u00e7a na Enel Cear\u00e1 ocorre em meio a crise no sistema de distribui\u00e7\u00e3o de energia. Atualmente, a empresa \u00e9 alvo de uma Comiss\u00e3o Parlamentar de Inqu\u00e9rito (CPI) na Assembleia Legislativa do Cear\u00e1, em raz\u00e3o das cr\u00edticas pela m\u00e1 qualidade do servi\u00e7o oferecido.<\/p>\n\n\n\n<figure class=\"wp-block-image size-large is-resized\"><img loading=\"lazy\" decoding=\"async\" width=\"1024\" height=\"576\" src=\"https:\/\/blogdorogeriogomes.com.br\/noticias\/wp-content\/uploads\/2024\/04\/enel-ceara-1-1024x576.jpg\" alt=\"\" class=\"wp-image-32218\" style=\"aspect-ratio:1;width:20px;height:auto\" srcset=\"https:\/\/blogdorogeriogomes.com.br\/noticias\/wp-content\/uploads\/2024\/04\/enel-ceara-1-1024x576.jpg 1024w, https:\/\/blogdorogeriogomes.com.br\/noticias\/wp-content\/uploads\/2024\/04\/enel-ceara-1-300x169.jpg 300w, https:\/\/blogdorogeriogomes.com.br\/noticias\/wp-content\/uploads\/2024\/04\/enel-ceara-1-768x432.jpg 768w, https:\/\/blogdorogeriogomes.com.br\/noticias\/wp-content\/uploads\/2024\/04\/enel-ceara-1-800x450.jpg 800w, https:\/\/blogdorogeriogomes.com.br\/noticias\/wp-content\/uploads\/2024\/04\/enel-ceara-1.jpg 1080w\" sizes=\"auto, (max-width: 1024px) 100vw, 1024px\" \/><\/figure>\n\n\n\n<figure class=\"wp-block-image size-large\"><img loading=\"lazy\" decoding=\"async\" width=\"1024\" height=\"576\" src=\"https:\/\/blogdorogeriogomes.com.br\/noticias\/wp-content\/uploads\/2024\/04\/enel-ceara-1-1024x576.jpg\" alt=\"\" class=\"wp-image-32218\" srcset=\"https:\/\/blogdorogeriogomes.com.br\/noticias\/wp-content\/uploads\/2024\/04\/enel-ceara-1-1024x576.jpg 1024w, https:\/\/blogdorogeriogomes.com.br\/noticias\/wp-content\/uploads\/2024\/04\/enel-ceara-1-300x169.jpg 300w, https:\/\/blogdorogeriogomes.com.br\/noticias\/wp-content\/uploads\/2024\/04\/enel-ceara-1-768x432.jpg 768w, https:\/\/blogdorogeriogomes.com.br\/noticias\/wp-content\/uploads\/2024\/04\/enel-ceara-1-800x450.jpg 800w, https:\/\/blogdorogeriogomes.com.br\/noticias\/wp-content\/uploads\/2024\/04\/enel-ceara-1.jpg 1080w\" sizes=\"auto, (max-width: 1024px) 100vw, 1024px\" \/><\/figure>\n","protected":false},"excerpt":{"rendered":"<p>A Enel Cear\u00e1 decidiu mudar o seu comando no estado. A presid\u00eancia da companhia passa a ser ocupada pelo executivo Jos\u00e9 Nunes de Almeida Neto. Ele atuava na fun\u00e7\u00e3o de diretor de rela\u00e7\u00f5es institucionais da Enel Brasil. O novo presidente substitui M\u00e1rcia Sandra Roque, que desempenhou a presid\u00eancia da Enel Cear\u00e1 nos \u00faltimos tr\u00eas anos. A mudan\u00e7a na Enel Cear\u00e1 ocorre em meio a crise no sistema de distribui\u00e7\u00e3o de energia. Atualmente, a empresa \u00e9 alvo de uma Comiss\u00e3o&hellip;<\/p>\n","protected":false},"author":1,"featured_media":32218,"comment_status":"open","ping_status":"open","sticky":false,"template":"","format":"standard","meta":{"footnotes":""},"categories":[1],"tags":[],"class_list":["post-32217","post","type-post","status-publish","format-standard","has-post-thumbnail","hentry","category-noticias"],"_links":{"self":[{"href":"https:\/\/blogdorogeriogomes.com.br\/noticias\/wp-json\/wp\/v2\/posts\/32217","targetHints":{"allow":["GET"]}}],"collection":[{"href":"https:\/\/blogdorogeriogomes.com.br\/noticias\/wp-json\/wp\/v2\/posts"}],"about":[{"href":"https:\/\/blogdorogeriogomes.com.br\/noticias\/wp-json\/wp\/v2\/types\/post"}],"author":[{"embeddable":true,"href":"https:\/\/blogdorogeriogomes.com.br\/noticias\/wp-json\/wp\/v2\/users\/1"}],"replies":[{"embeddable":true,"href":"https:\/\/blogdorogeriogomes.com.br\/noticias\/wp-json\/wp\/v2\/comments?post=32217"}],"version-history":[{"count":1,"href":"https:\/\/blogdorogeriogomes.com.br\/noticias\/wp-json\/wp\/v2\/posts\/32217\/revisions"}],"predecessor-version":[{"id":32219,"href":"https:\/\/blogdorogeriogomes.com.br\/noticias\/wp-json\/wp\/v2\/posts\/32217\/revisions\/32219"}],"wp:featuredmedia":[{"embeddable":true,"href":"https:\/\/blogdorogeriogomes.com.br\/noticias\/wp-json\/wp\/v2\/media\/32218"}],"wp:attachment":[{"href":"https:\/\/blogdorogeriogomes.com.br\/noticias\/wp-json\/wp\/v2\/media?parent=32217"}],"wp:term":[{"taxonomy":"category","embeddable":true,"href":"https:\/\/blogdorogeriogomes.com.br\/noticias\/wp-json\/wp\/v2\/categories?post=32217"},{"taxonomy":"post_tag","embeddable":true,"href":"https:\/\/blogdorogeriogomes.com.br\/noticias\/wp-json\/wp\/v2\/tags?post=32217"}],"curies":[{"name":"wp","href":"https:\/\/api.w.org\/{rel}","templated":true}]}}