{"id":32220,"date":"2024-04-05T01:04:36","date_gmt":"2024-04-05T01:04:36","guid":{"rendered":"https:\/\/blogdorogeriogomes.com.br\/noticias\/?p=32220"},"modified":"2024-04-05T01:04:45","modified_gmt":"2024-04-05T01:04:45","slug":"jose-staneck-abre-forum-harmonicas-2024-victor-lopes-xime-monzon-e-natanael-pereira-tambem-sao-atracoes","status":"publish","type":"post","link":"https:\/\/blogdorogeriogomes.com.br\/noticias\/2024\/04\/jose-staneck-abre-forum-harmonicas-2024-victor-lopes-xime-monzon-e-natanael-pereira-tambem-sao-atracoes\/","title":{"rendered":"Jos\u00e9 Staneck abre F\u00f3rum Harm\u00f4nicas 2024: Victor Lopes, Xime Monz\u00f3n e Natanael Pereira tamb\u00e9m s\u00e3o atra\u00e7\u00f5es"},"content":{"rendered":"\n<p>Refer\u00eancia na m\u00fasica erudita brasileira, reconhecido e aplaudido no internacionalmente, o harmonicista Jos\u00e9 Staneck abre a edi\u00e7\u00e3o 2024 do F\u00f3rum Harm\u00f4nicas Brasil. Staneck conversa com o jornalista Roberto Maciel e o gaitista Jefferson Gon\u00e7alves sobre temas como o ensino musical, pol\u00edticas p\u00fablicas para a cultura e sobre as experi\u00eancias que agregou em mais de 35 anos de carreira.<br>Al\u00e9m de Staneck, a edi\u00e7\u00e3o deste ano do principal evento da cultura gait\u00edstica da Am\u00e9rica Latina trar\u00e1 o paulistano Vitor Lopes, um &#8220;chor\u00e3o&#8221; da leg\u00edtima raiz brasileira, a argentina Xime Monz\u00f3n, que tem levado a harm\u00f4nica sul-americana a todo o mundo, e o cearense Natanael Pereira, da mais nova gera\u00e7\u00e3o de instrumentistas brasileiros.<\/p>\n\n\n\n<p>O acesso aos conte\u00fados ser\u00e1 gratuito e livre para todas as idades e p\u00fablicos no canal www.youtube.com\/forumharmonicas. O F\u00f3rum Harm\u00f4nicas Brasil \u00e9 patrocinado pelo Governo do Estado do Cear\u00e1, Cantina Pet e Portal InvestNordeste. O apoio \u00e9 da ONG Casa de Vov\u00f3 Ded\u00e9. O evento \u00e9 realizado pelo VAAC &#8211; Via de Acesso \u00e0 Arte e Cultura e ForBlues Produ\u00e7\u00f5es. Mais informa\u00e7\u00f5es no site www.forumharmonicas.com.<\/p>\n\n\n\n<p>Respons\u00e1vel pela forma\u00e7\u00e3o de seguidas gera\u00e7\u00f5es de m\u00fasicos, Jos\u00e9 Staneck aborda trabalhos recentes e o desempenho como int\u00e9rprete das obras de Guerra Peixe, Heitor Villa-Lobos e de mestres do jazz e da Bossa Nova, performances que podem ser acessadas nas principais plataformas de streaming.<\/p>\n\n\n\n<p>Os podcasts com Staneck, Vitor e Xime come\u00e7am a ser veiculados nas plataformas Youtube e Spotify em 20, 21, 22 e 25 de abril &#8211; nessa \u00faltima data, um especial do Natanael Pereira, acompanhado da violonista e cantora Rebeca C\u00e2mara, encerra a programa\u00e7\u00e3o.<\/p>\n\n\n\n<p>Criado em 2005, o F\u00f3rum Harm\u00f4nicas valoriza a gaita, as diferentes manifesta\u00e7\u00f5es do instrumento e os modelos mais usados, estimulando a qualifica\u00e7\u00e3o social e de empreendedorismo cultural. &#8220;A ideia \u00e9 alcan\u00e7ar principalmente grupos com demandas de investimentos em desenvolvimento&#8221;, diz Roberto Maciel, diretor do evento.<\/p>\n\n\n\n<p>Em paralelo, o F\u00f3rum arrecadar\u00e1 com o p\u00fablico livros did\u00e1ticos e paradid\u00e1ticos, que ser\u00e3o doados \u00e0 ONG Canoa Crian\u00e7a para utiliza\u00e7\u00e3o em a\u00e7\u00f5es com crian\u00e7as e adolescentes.<\/p>\n\n\n\n<p>JOS\u00c9 STANECK &#8211; Natural de S\u00e3o Paulo, mora e trabalha no Rio de Janeiro. Estudou harmonia com Isidoro Kutno, an\u00e1lise com H. J. Koeullreutter, interpreta\u00e7\u00e3o com Nailson Sim\u00f5es e fez curso de aperfei\u00e7oamento para a harm\u00f4nica com Maur\u00edcio Einhorn. Em 2007, obteve o t\u00edtulo de Mestre pela UNIRIO.<br>Atua com diferentes forma\u00e7\u00f5es camer\u00edsticas e j\u00e1 foi solista de diversas orquestras sinf\u00f4nicas brasileiras e internacionais, incluindo a tourn\u00e9e aos EUA, em 2022, junto \u00e0 Orquestra Sinf\u00f4nica do Estado de S\u00e3o Paulo no ic\u00f4nico \u201cCarnegie Hall\u201d em Nova Iorque.<br>Participou do F\u00f3rum Harm\u00f4nicas Brasil em 2005, com Cain\u00e3 Cavalcante ao viol\u00e3o, e em 2015 com a Orquestra da Universidade Estadual do Cear\u00e1, regida por Alfredo Barros.<\/p>\n\n\n\n<p>VITOR LOPES &#8211; Estudou com Omar Izar (gaita), Celso Brescia Leal (viol\u00e3o erudito), Ricardo Breim (percep\u00e7\u00e3o e harmonia), David Richards (improvisa\u00e7\u00e3o), Claudio Leal Ferreira (re-harmoniza\u00e7\u00e3o e arranjo), Jos\u00e9 Roberto Ara\u00fajo, Andr\u00e9 Hosoi e Milton Mori. Participou de master classes com Marco Pereira, Paulo Bellinati, Ulisses Rocha, Paulinho Nogueira e Jos\u00e9 Staneck. Integrou, juntamente com o violonista Guga Murray e o baterista Marcelo Costa, o grupo Um Trio Vira Lata, com o qual lan\u00e7ou os CDs \u201cUm Trio Vira Lata\u201d (2004), gravado ao vivo no Espa\u00e7o Cachu\u00eara!, em S\u00e3o Paulo (SP), e \u201cViragem\u201d (2006), gravado ao vivo em Port Blanc, na Fran\u00e7a.<\/p>\n\n\n\n<p>XIME MONZ\u00d3N &#8211; Natural de Buenos Aires (Argentina), \u00e9 cantora, gaitista e compositora. Xime, atualmente, \u00e9 umas das harmonicistas mais atuantes nos circuitos de blues feitos na Am\u00e9rica Latina &#8211; incluindo em parcerias com grupos como o referencial Blues Et\u00edlicos, no qual atua o gaitista Fl\u00e1vio Guimar\u00e3es. Com uma carreira s\u00f3lida, estreitou rela\u00e7\u00e3o com o Brasil, por meio de outros grandes nomes da gaita e do blues nacional. Gravou seu \u00e1lbum &#8220;My Harp My Soul&#8221; por um selo nacional, o Chico Blues Records. J\u00e1 fez seguidas turn\u00eas em estados brasileiros e participou das edi\u00e7\u00f5es 2015 do F\u00f3rum Harm\u00f4nicas Brasil e 2016 do Festival Canoa Blues.<\/p>\n\n\n\n<p>NATANAEL PEREIRA &#8211; Cearense, \u00e9 licenciado em M\u00fasica pela Universidade Estadual do Cear\u00e1. Nasceu em 1995, em Fortaleza, e foi apresentado ao instrumento aos 12 anos de idade. Em 2018 lan\u00e7ou o primeiro disco, intitulado \u201cMusicalmente Falando\u201d. No no mesmo ano participou de CD em tributo ao harmonicista brasileiro Mauricio Einhorn, iniciativa que reuniu 27 gaitistas do pa\u00eds inteiro. J\u00e1 se apresentou no F\u00f3rum Harm\u00f4nicas Brasil e no Festival Jazz &amp; Blues de Guaramiranga. No F\u00f3rum 2024, forma duo com Rebeca C\u00e2mara (viol\u00e3o e voz).<\/p>\n\n\n\n<p>Servi\u00e7o<br>Os podcasts com Staneck, Vitor e Xime come\u00e7am a ser veiculados nas plataformas Youtube e Spotify em 20, 21, 22 e 25 de abril &#8211; nessa \u00faltima data, um especial do Natanael Pereira, acompanhado da violonista e cantora Rebeca C\u00e2mara.<br><\/p>\n\n\n\n<figure class=\"wp-block-image size-full\"><img loading=\"lazy\" decoding=\"async\" width=\"720\" height=\"450\" src=\"https:\/\/blogdorogeriogomes.com.br\/noticias\/wp-content\/uploads\/2024\/04\/IMG-20240404-WA0152.jpg\" alt=\"\" class=\"wp-image-32221\" srcset=\"https:\/\/blogdorogeriogomes.com.br\/noticias\/wp-content\/uploads\/2024\/04\/IMG-20240404-WA0152.jpg 720w, https:\/\/blogdorogeriogomes.com.br\/noticias\/wp-content\/uploads\/2024\/04\/IMG-20240404-WA0152-300x188.jpg 300w\" sizes=\"auto, (max-width: 720px) 100vw, 720px\" \/><\/figure>\n\n\n\n<p><\/p>\n","protected":false},"excerpt":{"rendered":"<p>Refer\u00eancia na m\u00fasica erudita brasileira, reconhecido e aplaudido no internacionalmente, o harmonicista Jos\u00e9 Staneck abre a edi\u00e7\u00e3o 2024 do F\u00f3rum Harm\u00f4nicas Brasil. Staneck conversa com o jornalista Roberto Maciel e o gaitista Jefferson Gon\u00e7alves sobre temas como o ensino musical, pol\u00edticas p\u00fablicas para a cultura e sobre as experi\u00eancias que agregou em mais de 35 anos de carreira.Al\u00e9m de Staneck, a edi\u00e7\u00e3o deste ano do principal evento da cultura gait\u00edstica da Am\u00e9rica Latina trar\u00e1 o paulistano Vitor Lopes, um&hellip;<\/p>\n","protected":false},"author":1,"featured_media":32221,"comment_status":"open","ping_status":"open","sticky":false,"template":"","format":"standard","meta":{"footnotes":""},"categories":[1],"tags":[],"class_list":["post-32220","post","type-post","status-publish","format-standard","has-post-thumbnail","hentry","category-noticias"],"_links":{"self":[{"href":"https:\/\/blogdorogeriogomes.com.br\/noticias\/wp-json\/wp\/v2\/posts\/32220","targetHints":{"allow":["GET"]}}],"collection":[{"href":"https:\/\/blogdorogeriogomes.com.br\/noticias\/wp-json\/wp\/v2\/posts"}],"about":[{"href":"https:\/\/blogdorogeriogomes.com.br\/noticias\/wp-json\/wp\/v2\/types\/post"}],"author":[{"embeddable":true,"href":"https:\/\/blogdorogeriogomes.com.br\/noticias\/wp-json\/wp\/v2\/users\/1"}],"replies":[{"embeddable":true,"href":"https:\/\/blogdorogeriogomes.com.br\/noticias\/wp-json\/wp\/v2\/comments?post=32220"}],"version-history":[{"count":1,"href":"https:\/\/blogdorogeriogomes.com.br\/noticias\/wp-json\/wp\/v2\/posts\/32220\/revisions"}],"predecessor-version":[{"id":32222,"href":"https:\/\/blogdorogeriogomes.com.br\/noticias\/wp-json\/wp\/v2\/posts\/32220\/revisions\/32222"}],"wp:featuredmedia":[{"embeddable":true,"href":"https:\/\/blogdorogeriogomes.com.br\/noticias\/wp-json\/wp\/v2\/media\/32221"}],"wp:attachment":[{"href":"https:\/\/blogdorogeriogomes.com.br\/noticias\/wp-json\/wp\/v2\/media?parent=32220"}],"wp:term":[{"taxonomy":"category","embeddable":true,"href":"https:\/\/blogdorogeriogomes.com.br\/noticias\/wp-json\/wp\/v2\/categories?post=32220"},{"taxonomy":"post_tag","embeddable":true,"href":"https:\/\/blogdorogeriogomes.com.br\/noticias\/wp-json\/wp\/v2\/tags?post=32220"}],"curies":[{"name":"wp","href":"https:\/\/api.w.org\/{rel}","templated":true}]}}