{"id":32227,"date":"2024-04-05T11:15:33","date_gmt":"2024-04-05T11:15:33","guid":{"rendered":"https:\/\/blogdorogeriogomes.com.br\/noticias\/?p=32227"},"modified":"2024-04-05T11:15:34","modified_gmt":"2024-04-05T11:15:34","slug":"pdt-anuncia-chapa-de-candidatos-a-vereador-em-fortaleza-e-jose-sarto-fara-mudancas-com-saida-de-secretarios-para-concorrer-nas-eleicoes","status":"publish","type":"post","link":"https:\/\/blogdorogeriogomes.com.br\/noticias\/2024\/04\/pdt-anuncia-chapa-de-candidatos-a-vereador-em-fortaleza-e-jose-sarto-fara-mudancas-com-saida-de-secretarios-para-concorrer-nas-eleicoes\/","title":{"rendered":"PDT anuncia chapa de candidatos a vereador em Fortaleza e Jos\u00e9 Sarto far\u00e1 mudan\u00e7as com sa\u00edda de secret\u00e1rios para concorrer nas elei\u00e7\u00f5es"},"content":{"rendered":"\n<p>O prefeito de Fortaleza, Jos\u00e9 Sarto, participou, nesta quinta-feira, dia 4 abril, do evento de filia\u00e7\u00e3o de novos integrantes do PDT e a defini\u00e7\u00e3o de candidatos a vereador do partido nas elei\u00e7\u00f5es deste ano em Fortaleza. A meta do PDT \u00e9 ampliar o n\u00famero de cadeiras que o partido tem na C\u00e2mara Municipal e chegar a 14 vagas. Junto dos dez partidos aliados, a proje\u00e7\u00e3o \u00e9 que o grupo possa ter uma maioria de 30 cadeiras, segundo Jos\u00e9 Sarto.<\/p>\n\n\n\n<p>Nomes do secretariado municipal v\u00e3o sair candidatos a vereador. S\u00e3o os casos da secret\u00e1ria da Educa\u00e7\u00e3o, Dalila Saldanha, e o Coronel Holanda, secret\u00e1rio da Seguran\u00e7a Cidad\u00e3, e Elp\u00eddio Nogueira, secret\u00e1rio de Cultura.<\/p>\n\n\n\n<p>Assim, o prefeito Jos\u00e9 Sarto promete anunciar na pr\u00f3xima segunda-feira, dia 8 de abril, uma reforma administrativa no secretariado municipal. A mudan\u00e7a deve atingir pelo menos 15 pastas. Al\u00e9m dos secret\u00e1rios que v\u00e3o sair candidatos, outros devem ser substitu\u00eddos.<br><\/p>\n\n\n\n<figure class=\"wp-block-image size-full\"><img loading=\"lazy\" decoding=\"async\" width=\"750\" height=\"500\" src=\"https:\/\/blogdorogeriogomes.com.br\/noticias\/wp-content\/uploads\/2024\/04\/1_whatsapp_image_2024_04_04_at_22_36_05__1_-26274756.jpeg\" alt=\"\" class=\"wp-image-32228\" srcset=\"https:\/\/blogdorogeriogomes.com.br\/noticias\/wp-content\/uploads\/2024\/04\/1_whatsapp_image_2024_04_04_at_22_36_05__1_-26274756.jpeg 750w, https:\/\/blogdorogeriogomes.com.br\/noticias\/wp-content\/uploads\/2024\/04\/1_whatsapp_image_2024_04_04_at_22_36_05__1_-26274756-300x200.jpeg 300w\" sizes=\"auto, (max-width: 750px) 100vw, 750px\" \/><\/figure>\n","protected":false},"excerpt":{"rendered":"<p>O prefeito de Fortaleza, Jos\u00e9 Sarto, participou, nesta quinta-feira, dia 4 abril, do evento de filia\u00e7\u00e3o de novos integrantes do PDT e a defini\u00e7\u00e3o de candidatos a vereador do partido nas elei\u00e7\u00f5es deste ano em Fortaleza. A meta do PDT \u00e9 ampliar o n\u00famero de cadeiras que o partido tem na C\u00e2mara Municipal e chegar a 14 vagas. Junto dos dez partidos aliados, a proje\u00e7\u00e3o \u00e9 que o grupo possa ter uma maioria de 30 cadeiras, segundo Jos\u00e9 Sarto.&hellip;<\/p>\n","protected":false},"author":1,"featured_media":32228,"comment_status":"open","ping_status":"open","sticky":false,"template":"","format":"standard","meta":{"footnotes":""},"categories":[1],"tags":[],"class_list":["post-32227","post","type-post","status-publish","format-standard","has-post-thumbnail","hentry","category-noticias"],"_links":{"self":[{"href":"https:\/\/blogdorogeriogomes.com.br\/noticias\/wp-json\/wp\/v2\/posts\/32227","targetHints":{"allow":["GET"]}}],"collection":[{"href":"https:\/\/blogdorogeriogomes.com.br\/noticias\/wp-json\/wp\/v2\/posts"}],"about":[{"href":"https:\/\/blogdorogeriogomes.com.br\/noticias\/wp-json\/wp\/v2\/types\/post"}],"author":[{"embeddable":true,"href":"https:\/\/blogdorogeriogomes.com.br\/noticias\/wp-json\/wp\/v2\/users\/1"}],"replies":[{"embeddable":true,"href":"https:\/\/blogdorogeriogomes.com.br\/noticias\/wp-json\/wp\/v2\/comments?post=32227"}],"version-history":[{"count":1,"href":"https:\/\/blogdorogeriogomes.com.br\/noticias\/wp-json\/wp\/v2\/posts\/32227\/revisions"}],"predecessor-version":[{"id":32229,"href":"https:\/\/blogdorogeriogomes.com.br\/noticias\/wp-json\/wp\/v2\/posts\/32227\/revisions\/32229"}],"wp:featuredmedia":[{"embeddable":true,"href":"https:\/\/blogdorogeriogomes.com.br\/noticias\/wp-json\/wp\/v2\/media\/32228"}],"wp:attachment":[{"href":"https:\/\/blogdorogeriogomes.com.br\/noticias\/wp-json\/wp\/v2\/media?parent=32227"}],"wp:term":[{"taxonomy":"category","embeddable":true,"href":"https:\/\/blogdorogeriogomes.com.br\/noticias\/wp-json\/wp\/v2\/categories?post=32227"},{"taxonomy":"post_tag","embeddable":true,"href":"https:\/\/blogdorogeriogomes.com.br\/noticias\/wp-json\/wp\/v2\/tags?post=32227"}],"curies":[{"name":"wp","href":"https:\/\/api.w.org\/{rel}","templated":true}]}}