{"id":32240,"date":"2024-04-07T12:00:28","date_gmt":"2024-04-07T12:00:28","guid":{"rendered":"https:\/\/blogdorogeriogomes.com.br\/noticias\/?p=32240"},"modified":"2024-04-07T12:00:34","modified_gmt":"2024-04-07T12:00:34","slug":"com-a-janela-partidaria-mais-de-50-dos-vereadores-de-fortaleza-mudaram-de-legenda-de-olho-nas-eleicoes-municipais","status":"publish","type":"post","link":"https:\/\/blogdorogeriogomes.com.br\/noticias\/2024\/04\/com-a-janela-partidaria-mais-de-50-dos-vereadores-de-fortaleza-mudaram-de-legenda-de-olho-nas-eleicoes-municipais\/","title":{"rendered":"Com a janela partid\u00e1ria, mais de 50% dos vereadores de Fortaleza mudaram de legenda de olho nas elei\u00e7\u00f5es municipais"},"content":{"rendered":"\n<p>O per\u00edodo de janela partid\u00e1ria para prefeitos e vereadores terminou n\u00e1 \u00faltima sexta-feira, dia 5 de abril. Na C\u00e2mara Municipal de Fortaleza, mais de 50% dos vereadores mudaram de partido de olho nas elei\u00e7\u00f5es municipais deste ano. Dos 43 vereadores da Casa, 24 mudaram de legenda.<\/p>\n\n\n\n<p>A base do prefeito Jos\u00e9 Sarto (PDT) saiu fortalecida. O PDT, que \u00e9 o partido com maior n\u00famero de parlamentares na C\u00e2mara Municipal da Capital, filiou K\u00e1tia Rodrigues, antes no Cidadania; PPCell, vice-l\u00edder de Sarto, e Jos\u00e9 Freire, que deixaram o PSD; e o\u00a0secret\u00e1rio da Regional 8 e vereador eleito pelo PSB, F\u00e1bio Rubens. A meta da base do prefeito Sarto \u00e9 eleger 30 vereadores em Fortaleza nas elei\u00e7\u00f5es de 2024.<\/p>\n\n\n\n<p>Quem mais cresceu foi o PSD, do deputado federal Luiz Gast\u00e3o e Domingos Filho, saindo de dois parlamentares para sete. Entraram na legenda Bruno Mesquita, C\u00f4nsul do Povo, Danilo Lopes, Eudes Bringel, Estrela Barros e Ronivaldo Maia.<\/p>\n\n\n\n<figure class=\"wp-block-image size-full\"><img loading=\"lazy\" decoding=\"async\" width=\"799\" height=\"533\" src=\"https:\/\/blogdorogeriogomes.com.br\/noticias\/wp-content\/uploads\/2024\/04\/53632292760_5c613364e3_c.jpg\" alt=\"\" class=\"wp-image-32241\" srcset=\"https:\/\/blogdorogeriogomes.com.br\/noticias\/wp-content\/uploads\/2024\/04\/53632292760_5c613364e3_c.jpg 799w, https:\/\/blogdorogeriogomes.com.br\/noticias\/wp-content\/uploads\/2024\/04\/53632292760_5c613364e3_c-300x200.jpg 300w, https:\/\/blogdorogeriogomes.com.br\/noticias\/wp-content\/uploads\/2024\/04\/53632292760_5c613364e3_c-768x512.jpg 768w\" sizes=\"auto, (max-width: 799px) 100vw, 799px\" \/><\/figure>\n","protected":false},"excerpt":{"rendered":"<p>O per\u00edodo de janela partid\u00e1ria para prefeitos e vereadores terminou n\u00e1 \u00faltima sexta-feira, dia 5 de abril. Na C\u00e2mara Municipal de Fortaleza, mais de 50% dos vereadores mudaram de partido de olho nas elei\u00e7\u00f5es municipais deste ano. Dos 43 vereadores da Casa, 24 mudaram de legenda. A base do prefeito Jos\u00e9 Sarto (PDT) saiu fortalecida. O PDT, que \u00e9 o partido com maior n\u00famero de parlamentares na C\u00e2mara Municipal da Capital, filiou K\u00e1tia Rodrigues, antes no Cidadania; PPCell, vice-l\u00edder&hellip;<\/p>\n","protected":false},"author":1,"featured_media":32241,"comment_status":"open","ping_status":"open","sticky":false,"template":"","format":"standard","meta":{"footnotes":""},"categories":[1],"tags":[],"class_list":["post-32240","post","type-post","status-publish","format-standard","has-post-thumbnail","hentry","category-noticias"],"_links":{"self":[{"href":"https:\/\/blogdorogeriogomes.com.br\/noticias\/wp-json\/wp\/v2\/posts\/32240","targetHints":{"allow":["GET"]}}],"collection":[{"href":"https:\/\/blogdorogeriogomes.com.br\/noticias\/wp-json\/wp\/v2\/posts"}],"about":[{"href":"https:\/\/blogdorogeriogomes.com.br\/noticias\/wp-json\/wp\/v2\/types\/post"}],"author":[{"embeddable":true,"href":"https:\/\/blogdorogeriogomes.com.br\/noticias\/wp-json\/wp\/v2\/users\/1"}],"replies":[{"embeddable":true,"href":"https:\/\/blogdorogeriogomes.com.br\/noticias\/wp-json\/wp\/v2\/comments?post=32240"}],"version-history":[{"count":1,"href":"https:\/\/blogdorogeriogomes.com.br\/noticias\/wp-json\/wp\/v2\/posts\/32240\/revisions"}],"predecessor-version":[{"id":32242,"href":"https:\/\/blogdorogeriogomes.com.br\/noticias\/wp-json\/wp\/v2\/posts\/32240\/revisions\/32242"}],"wp:featuredmedia":[{"embeddable":true,"href":"https:\/\/blogdorogeriogomes.com.br\/noticias\/wp-json\/wp\/v2\/media\/32241"}],"wp:attachment":[{"href":"https:\/\/blogdorogeriogomes.com.br\/noticias\/wp-json\/wp\/v2\/media?parent=32240"}],"wp:term":[{"taxonomy":"category","embeddable":true,"href":"https:\/\/blogdorogeriogomes.com.br\/noticias\/wp-json\/wp\/v2\/categories?post=32240"},{"taxonomy":"post_tag","embeddable":true,"href":"https:\/\/blogdorogeriogomes.com.br\/noticias\/wp-json\/wp\/v2\/tags?post=32240"}],"curies":[{"name":"wp","href":"https:\/\/api.w.org\/{rel}","templated":true}]}}