{"id":32246,"date":"2024-04-07T12:48:50","date_gmt":"2024-04-07T12:48:50","guid":{"rendered":"https:\/\/blogdorogeriogomes.com.br\/noticias\/?p=32246"},"modified":"2024-04-07T12:48:51","modified_gmt":"2024-04-07T12:48:51","slug":"novo-frotinha-de-messejana-sera-entregue-a-populacao-de-fortaleza-nesta-segunda-feira","status":"publish","type":"post","link":"https:\/\/blogdorogeriogomes.com.br\/noticias\/2024\/04\/novo-frotinha-de-messejana-sera-entregue-a-populacao-de-fortaleza-nesta-segunda-feira\/","title":{"rendered":"Novo Frotinha de Messejana ser\u00e1 entregue \u00e0 popula\u00e7\u00e3o de Fortaleza nesta segunda-feira"},"content":{"rendered":"\n<p>O prefeito de Fortaleza, Jos\u00e9 Sarto, entrega, nesta segunda-feira, dia 8 de abril, o novo Hospital Distrital Edmilson Barros de Oliveira (Frotinha de Messejana). Ap\u00f3s as interven\u00e7\u00f5es, a unidade hospitalar ganhou incremento de 30% na sua capacidade cir\u00fargica, beneficiando diretamente a popula\u00e7\u00e3o de Fortaleza. O hospital recebeu investimento de R$ 9,7 milh\u00f5es em obras, que foram realizadas pela Secretaria Municipal da Infraestrutura (Seinf).<\/p>\n\n\n\n<p>A unidade foi contemplada com a reforma completa do centro cir\u00fargico, laborat\u00f3rio, bloco administrativo, coberta e salas de gesso e raio X. Al\u00e9m disso, o espa\u00e7o recebeu nova subesta\u00e7\u00e3o de energia e instala\u00e7\u00f5es el\u00e9tricas.<\/p>\n\n\n\n<figure class=\"wp-block-image size-large\"><img loading=\"lazy\" decoding=\"async\" width=\"1024\" height=\"601\" src=\"https:\/\/blogdorogeriogomes.com.br\/noticias\/wp-content\/uploads\/2024\/04\/06-04-2024-Frotinha-Messejana-DSC08906-1024x601.jpeg\" alt=\"\" class=\"wp-image-32247\" srcset=\"https:\/\/blogdorogeriogomes.com.br\/noticias\/wp-content\/uploads\/2024\/04\/06-04-2024-Frotinha-Messejana-DSC08906-1024x601.jpeg 1024w, https:\/\/blogdorogeriogomes.com.br\/noticias\/wp-content\/uploads\/2024\/04\/06-04-2024-Frotinha-Messejana-DSC08906-300x176.jpeg 300w, https:\/\/blogdorogeriogomes.com.br\/noticias\/wp-content\/uploads\/2024\/04\/06-04-2024-Frotinha-Messejana-DSC08906-768x451.jpeg 768w, https:\/\/blogdorogeriogomes.com.br\/noticias\/wp-content\/uploads\/2024\/04\/06-04-2024-Frotinha-Messejana-DSC08906-1536x902.jpeg 1536w, https:\/\/blogdorogeriogomes.com.br\/noticias\/wp-content\/uploads\/2024\/04\/06-04-2024-Frotinha-Messejana-DSC08906-800x470.jpeg 800w, https:\/\/blogdorogeriogomes.com.br\/noticias\/wp-content\/uploads\/2024\/04\/06-04-2024-Frotinha-Messejana-DSC08906.jpeg 1616w\" sizes=\"auto, (max-width: 1024px) 100vw, 1024px\" \/><\/figure>\n","protected":false},"excerpt":{"rendered":"<p>O prefeito de Fortaleza, Jos\u00e9 Sarto, entrega, nesta segunda-feira, dia 8 de abril, o novo Hospital Distrital Edmilson Barros de Oliveira (Frotinha de Messejana). Ap\u00f3s as interven\u00e7\u00f5es, a unidade hospitalar ganhou incremento de 30% na sua capacidade cir\u00fargica, beneficiando diretamente a popula\u00e7\u00e3o de Fortaleza. O hospital recebeu investimento de R$ 9,7 milh\u00f5es em obras, que foram realizadas pela Secretaria Municipal da Infraestrutura (Seinf). A unidade foi contemplada com a reforma completa do centro cir\u00fargico, laborat\u00f3rio, bloco administrativo, coberta e&hellip;<\/p>\n","protected":false},"author":1,"featured_media":32247,"comment_status":"open","ping_status":"open","sticky":false,"template":"","format":"standard","meta":{"footnotes":""},"categories":[1],"tags":[],"class_list":["post-32246","post","type-post","status-publish","format-standard","has-post-thumbnail","hentry","category-noticias"],"_links":{"self":[{"href":"https:\/\/blogdorogeriogomes.com.br\/noticias\/wp-json\/wp\/v2\/posts\/32246","targetHints":{"allow":["GET"]}}],"collection":[{"href":"https:\/\/blogdorogeriogomes.com.br\/noticias\/wp-json\/wp\/v2\/posts"}],"about":[{"href":"https:\/\/blogdorogeriogomes.com.br\/noticias\/wp-json\/wp\/v2\/types\/post"}],"author":[{"embeddable":true,"href":"https:\/\/blogdorogeriogomes.com.br\/noticias\/wp-json\/wp\/v2\/users\/1"}],"replies":[{"embeddable":true,"href":"https:\/\/blogdorogeriogomes.com.br\/noticias\/wp-json\/wp\/v2\/comments?post=32246"}],"version-history":[{"count":1,"href":"https:\/\/blogdorogeriogomes.com.br\/noticias\/wp-json\/wp\/v2\/posts\/32246\/revisions"}],"predecessor-version":[{"id":32248,"href":"https:\/\/blogdorogeriogomes.com.br\/noticias\/wp-json\/wp\/v2\/posts\/32246\/revisions\/32248"}],"wp:featuredmedia":[{"embeddable":true,"href":"https:\/\/blogdorogeriogomes.com.br\/noticias\/wp-json\/wp\/v2\/media\/32247"}],"wp:attachment":[{"href":"https:\/\/blogdorogeriogomes.com.br\/noticias\/wp-json\/wp\/v2\/media?parent=32246"}],"wp:term":[{"taxonomy":"category","embeddable":true,"href":"https:\/\/blogdorogeriogomes.com.br\/noticias\/wp-json\/wp\/v2\/categories?post=32246"},{"taxonomy":"post_tag","embeddable":true,"href":"https:\/\/blogdorogeriogomes.com.br\/noticias\/wp-json\/wp\/v2\/tags?post=32246"}],"curies":[{"name":"wp","href":"https:\/\/api.w.org\/{rel}","templated":true}]}}