{"id":32249,"date":"2024-04-08T02:46:08","date_gmt":"2024-04-08T02:46:08","guid":{"rendered":"https:\/\/blogdorogeriogomes.com.br\/noticias\/?p=32249"},"modified":"2024-04-08T02:46:08","modified_gmt":"2024-04-08T02:46:08","slug":"evandro-leitao-consegue-maioria-dos-delegados-e-deve-ser-o-candidato-do-pt-a-prefeitura-de-fortaleza","status":"publish","type":"post","link":"https:\/\/blogdorogeriogomes.com.br\/noticias\/2024\/04\/evandro-leitao-consegue-maioria-dos-delegados-e-deve-ser-o-candidato-do-pt-a-prefeitura-de-fortaleza\/","title":{"rendered":"Evandro Leit\u00e3o consegue maioria dos delegados e deve ser o candidato do PT \u00e0 Prefeitura de Fortaleza"},"content":{"rendered":"\n<p>O presidente da Assembleia Legislativa do Cear\u00e1, Evandro Leit\u00e3o, confirmou favoritismo e conseguiu maioria para ser candidato do PT a prefeito de Fortaleza. Ele ter\u00e1 o apoio da maioria dos delegados que vai votar em encontro municipal do partido, marcado para o dia 21 de abril.<\/p>\n\n\n\n<p>A ex-prefeita de Fortaleza e deputada federal Luizianne Lins foi a mais votada de forma individual com 1.686 votos, mas Evandro Leit\u00e3o teve apoio de quatro chapas que, somadas, conseguiram mais da metade dos delegados. Um total de 3.445. A elei\u00e7\u00e3o registrou 5.813 votos v\u00e1lidos. Dos 200 delegados eleitos neste domingo,  aproximadamente 60% s\u00e3o das alas do PT que apoiam o nome de Evandro Leit\u00e3o.<br><\/p>\n\n\n\n<figure class=\"wp-block-image size-full\"><img loading=\"lazy\" decoding=\"async\" width=\"506\" height=\"360\" src=\"https:\/\/blogdorogeriogomes.com.br\/noticias\/wp-content\/uploads\/2024\/04\/1_votacao_delegado_pt_evandro_leitao_08-26315953.jpg\" alt=\"\" class=\"wp-image-32250\" srcset=\"https:\/\/blogdorogeriogomes.com.br\/noticias\/wp-content\/uploads\/2024\/04\/1_votacao_delegado_pt_evandro_leitao_08-26315953.jpg 506w, https:\/\/blogdorogeriogomes.com.br\/noticias\/wp-content\/uploads\/2024\/04\/1_votacao_delegado_pt_evandro_leitao_08-26315953-300x213.jpg 300w\" sizes=\"auto, (max-width: 506px) 100vw, 506px\" \/><\/figure>\n","protected":false},"excerpt":{"rendered":"<p>O presidente da Assembleia Legislativa do Cear\u00e1, Evandro Leit\u00e3o, confirmou favoritismo e conseguiu maioria para ser candidato do PT a prefeito de Fortaleza. Ele ter\u00e1 o apoio da maioria dos delegados que vai votar em encontro municipal do partido, marcado para o dia 21 de abril. A ex-prefeita de Fortaleza e deputada federal Luizianne Lins foi a mais votada de forma individual com 1.686 votos, mas Evandro Leit\u00e3o teve apoio de quatro chapas que, somadas, conseguiram mais da metade&hellip;<\/p>\n","protected":false},"author":1,"featured_media":32251,"comment_status":"open","ping_status":"open","sticky":false,"template":"","format":"standard","meta":{"footnotes":""},"categories":[1],"tags":[],"class_list":["post-32249","post","type-post","status-publish","format-standard","has-post-thumbnail","hentry","category-noticias"],"_links":{"self":[{"href":"https:\/\/blogdorogeriogomes.com.br\/noticias\/wp-json\/wp\/v2\/posts\/32249","targetHints":{"allow":["GET"]}}],"collection":[{"href":"https:\/\/blogdorogeriogomes.com.br\/noticias\/wp-json\/wp\/v2\/posts"}],"about":[{"href":"https:\/\/blogdorogeriogomes.com.br\/noticias\/wp-json\/wp\/v2\/types\/post"}],"author":[{"embeddable":true,"href":"https:\/\/blogdorogeriogomes.com.br\/noticias\/wp-json\/wp\/v2\/users\/1"}],"replies":[{"embeddable":true,"href":"https:\/\/blogdorogeriogomes.com.br\/noticias\/wp-json\/wp\/v2\/comments?post=32249"}],"version-history":[{"count":1,"href":"https:\/\/blogdorogeriogomes.com.br\/noticias\/wp-json\/wp\/v2\/posts\/32249\/revisions"}],"predecessor-version":[{"id":32252,"href":"https:\/\/blogdorogeriogomes.com.br\/noticias\/wp-json\/wp\/v2\/posts\/32249\/revisions\/32252"}],"wp:featuredmedia":[{"embeddable":true,"href":"https:\/\/blogdorogeriogomes.com.br\/noticias\/wp-json\/wp\/v2\/media\/32251"}],"wp:attachment":[{"href":"https:\/\/blogdorogeriogomes.com.br\/noticias\/wp-json\/wp\/v2\/media?parent=32249"}],"wp:term":[{"taxonomy":"category","embeddable":true,"href":"https:\/\/blogdorogeriogomes.com.br\/noticias\/wp-json\/wp\/v2\/categories?post=32249"},{"taxonomy":"post_tag","embeddable":true,"href":"https:\/\/blogdorogeriogomes.com.br\/noticias\/wp-json\/wp\/v2\/tags?post=32249"}],"curies":[{"name":"wp","href":"https:\/\/api.w.org\/{rel}","templated":true}]}}