{"id":32253,"date":"2024-04-08T21:01:54","date_gmt":"2024-04-08T21:01:54","guid":{"rendered":"https:\/\/blogdorogeriogomes.com.br\/noticias\/?p=32253"},"modified":"2024-04-08T21:01:54","modified_gmt":"2024-04-08T21:01:54","slug":"funceme-aponta-que-ceara-tem-40-de-chances-de-chuvas-dentro-da-media-historica-entre-abril-e-junho","status":"publish","type":"post","link":"https:\/\/blogdorogeriogomes.com.br\/noticias\/2024\/04\/funceme-aponta-que-ceara-tem-40-de-chances-de-chuvas-dentro-da-media-historica-entre-abril-e-junho\/","title":{"rendered":"Funceme aponta que Cear\u00e1 tem 40% de chances de chuvas dentro da m\u00e9dia hist\u00f3rica entre abril e junho"},"content":{"rendered":"\n<p>O Cear\u00e1 tem 40% de chances de chuvas dentro da m\u00e9dia de abril a junho, segundo progn\u00f3stico feito pela Funda\u00e7\u00e3o Cearense de Meteorologia e Recursos H\u00eddricos (Funceme)<\/p>\n\n\n\n<p>Os resultados divulgados nesta segunda-feira, dia 8 de abril, dos modelos clim\u00e1ticos indicam o seguinte progn\u00f3stico clim\u00e1tico para o trimestre, abril, maio e junho de 2024 no Cear\u00e1: 30% de probabilidade para a categoria abaixo da normal,<br>40% de probabilidade para a categoria dentro da m\u00e9dia e 30% de probabilidade para a categoria acima da normal.<\/p>\n\n\n\n<figure class=\"wp-block-image size-full\"><img loading=\"lazy\" decoding=\"async\" width=\"640\" height=\"480\" src=\"https:\/\/blogdorogeriogomes.com.br\/noticias\/wp-content\/uploads\/2024\/04\/images-53.jpeg\" alt=\"\" class=\"wp-image-32254\" srcset=\"https:\/\/blogdorogeriogomes.com.br\/noticias\/wp-content\/uploads\/2024\/04\/images-53.jpeg 640w, https:\/\/blogdorogeriogomes.com.br\/noticias\/wp-content\/uploads\/2024\/04\/images-53-300x225.jpeg 300w, https:\/\/blogdorogeriogomes.com.br\/noticias\/wp-content\/uploads\/2024\/04\/images-53-400x300.jpeg 400w\" sizes=\"auto, (max-width: 640px) 100vw, 640px\" \/><\/figure>\n","protected":false},"excerpt":{"rendered":"<p>O Cear\u00e1 tem 40% de chances de chuvas dentro da m\u00e9dia de abril a junho, segundo progn\u00f3stico feito pela Funda\u00e7\u00e3o Cearense de Meteorologia e Recursos H\u00eddricos (Funceme) Os resultados divulgados nesta segunda-feira, dia 8 de abril, dos modelos clim\u00e1ticos indicam o seguinte progn\u00f3stico clim\u00e1tico para o trimestre, abril, maio e junho de 2024 no Cear\u00e1: 30% de probabilidade para a categoria abaixo da normal,40% de probabilidade para a categoria dentro da m\u00e9dia e 30% de probabilidade para a categoria&hellip;<\/p>\n","protected":false},"author":1,"featured_media":32254,"comment_status":"open","ping_status":"open","sticky":false,"template":"","format":"standard","meta":{"footnotes":""},"categories":[1],"tags":[],"class_list":["post-32253","post","type-post","status-publish","format-standard","has-post-thumbnail","hentry","category-noticias"],"_links":{"self":[{"href":"https:\/\/blogdorogeriogomes.com.br\/noticias\/wp-json\/wp\/v2\/posts\/32253","targetHints":{"allow":["GET"]}}],"collection":[{"href":"https:\/\/blogdorogeriogomes.com.br\/noticias\/wp-json\/wp\/v2\/posts"}],"about":[{"href":"https:\/\/blogdorogeriogomes.com.br\/noticias\/wp-json\/wp\/v2\/types\/post"}],"author":[{"embeddable":true,"href":"https:\/\/blogdorogeriogomes.com.br\/noticias\/wp-json\/wp\/v2\/users\/1"}],"replies":[{"embeddable":true,"href":"https:\/\/blogdorogeriogomes.com.br\/noticias\/wp-json\/wp\/v2\/comments?post=32253"}],"version-history":[{"count":1,"href":"https:\/\/blogdorogeriogomes.com.br\/noticias\/wp-json\/wp\/v2\/posts\/32253\/revisions"}],"predecessor-version":[{"id":32255,"href":"https:\/\/blogdorogeriogomes.com.br\/noticias\/wp-json\/wp\/v2\/posts\/32253\/revisions\/32255"}],"wp:featuredmedia":[{"embeddable":true,"href":"https:\/\/blogdorogeriogomes.com.br\/noticias\/wp-json\/wp\/v2\/media\/32254"}],"wp:attachment":[{"href":"https:\/\/blogdorogeriogomes.com.br\/noticias\/wp-json\/wp\/v2\/media?parent=32253"}],"wp:term":[{"taxonomy":"category","embeddable":true,"href":"https:\/\/blogdorogeriogomes.com.br\/noticias\/wp-json\/wp\/v2\/categories?post=32253"},{"taxonomy":"post_tag","embeddable":true,"href":"https:\/\/blogdorogeriogomes.com.br\/noticias\/wp-json\/wp\/v2\/tags?post=32253"}],"curies":[{"name":"wp","href":"https:\/\/api.w.org\/{rel}","templated":true}]}}