{"id":32256,"date":"2024-04-08T21:10:33","date_gmt":"2024-04-08T21:10:33","guid":{"rendered":"https:\/\/blogdorogeriogomes.com.br\/noticias\/?p=32256"},"modified":"2024-04-08T21:10:33","modified_gmt":"2024-04-08T21:10:33","slug":"psd-anuncia-oposicao-ao-prefeito-jose-sarto-nas-eleicoes-municipais-em-fortaleza","status":"publish","type":"post","link":"https:\/\/blogdorogeriogomes.com.br\/noticias\/2024\/04\/psd-anuncia-oposicao-ao-prefeito-jose-sarto-nas-eleicoes-municipais-em-fortaleza\/","title":{"rendered":"PSD anuncia oposi\u00e7\u00e3o ao prefeito Jos\u00e9 Sarto nas elei\u00e7\u00f5es municipais em Fortaleza"},"content":{"rendered":"\n<p>Em entrevista coletiva concedida nesta segunda-feira, dia 8 de abril, o presidente municipal do Partido Social Democr\u00e1tico (PSD) de Fortaleza, o deputado federal Luiz Gast\u00e3o, reafirmou que a sigla deve fazer oposi\u00e7\u00e3o ao prefeito Jos\u00e9 Sarto (PDT) na elei\u00e7\u00e3o deste ano. Ainda n\u00e3o h\u00e1 defini\u00e7\u00e3o sobre candidatura pr\u00f3pria ou apoio a outro partido, apesar da alian\u00e7a com o Governo Elmano Freitas.<br>At\u00e9 agosto do ano passado, PDT e PSD eram aliados. A sa\u00edda do PSD da alian\u00e7a com Sarto se deu com a entrega de cargos ocupados por filiados na m\u00e1quina p\u00fablica do Munic\u00edpio e participa\u00e7\u00e3o de outros quadros na estrutura do Governo Estadual, a exemplo do deputado federal C\u00e9lio Studart, que chegou a assumir a Secretaria de Prote\u00e7\u00e3o Animal.<\/p>\n\n\n\n<figure class=\"wp-block-image size-full\"><img loading=\"lazy\" decoding=\"async\" width=\"480\" height=\"270\" src=\"https:\/\/blogdorogeriogomes.com.br\/noticias\/wp-content\/uploads\/2024\/04\/WhatsApp-Image-2024-04-08-at-11.31.29-1-1.jpeg\" alt=\"\" class=\"wp-image-32257\" srcset=\"https:\/\/blogdorogeriogomes.com.br\/noticias\/wp-content\/uploads\/2024\/04\/WhatsApp-Image-2024-04-08-at-11.31.29-1-1.jpeg 480w, https:\/\/blogdorogeriogomes.com.br\/noticias\/wp-content\/uploads\/2024\/04\/WhatsApp-Image-2024-04-08-at-11.31.29-1-1-300x169.jpeg 300w\" sizes=\"auto, (max-width: 480px) 100vw, 480px\" \/><\/figure>\n","protected":false},"excerpt":{"rendered":"<p>Em entrevista coletiva concedida nesta segunda-feira, dia 8 de abril, o presidente municipal do Partido Social Democr\u00e1tico (PSD) de Fortaleza, o deputado federal Luiz Gast\u00e3o, reafirmou que a sigla deve fazer oposi\u00e7\u00e3o ao prefeito Jos\u00e9 Sarto (PDT) na elei\u00e7\u00e3o deste ano. Ainda n\u00e3o h\u00e1 defini\u00e7\u00e3o sobre candidatura pr\u00f3pria ou apoio a outro partido, apesar da alian\u00e7a com o Governo Elmano Freitas.At\u00e9 agosto do ano passado, PDT e PSD eram aliados. A sa\u00edda do PSD da alian\u00e7a com Sarto se&hellip;<\/p>\n","protected":false},"author":1,"featured_media":32257,"comment_status":"open","ping_status":"open","sticky":false,"template":"","format":"standard","meta":{"footnotes":""},"categories":[1],"tags":[],"class_list":["post-32256","post","type-post","status-publish","format-standard","has-post-thumbnail","hentry","category-noticias"],"_links":{"self":[{"href":"https:\/\/blogdorogeriogomes.com.br\/noticias\/wp-json\/wp\/v2\/posts\/32256","targetHints":{"allow":["GET"]}}],"collection":[{"href":"https:\/\/blogdorogeriogomes.com.br\/noticias\/wp-json\/wp\/v2\/posts"}],"about":[{"href":"https:\/\/blogdorogeriogomes.com.br\/noticias\/wp-json\/wp\/v2\/types\/post"}],"author":[{"embeddable":true,"href":"https:\/\/blogdorogeriogomes.com.br\/noticias\/wp-json\/wp\/v2\/users\/1"}],"replies":[{"embeddable":true,"href":"https:\/\/blogdorogeriogomes.com.br\/noticias\/wp-json\/wp\/v2\/comments?post=32256"}],"version-history":[{"count":1,"href":"https:\/\/blogdorogeriogomes.com.br\/noticias\/wp-json\/wp\/v2\/posts\/32256\/revisions"}],"predecessor-version":[{"id":32258,"href":"https:\/\/blogdorogeriogomes.com.br\/noticias\/wp-json\/wp\/v2\/posts\/32256\/revisions\/32258"}],"wp:featuredmedia":[{"embeddable":true,"href":"https:\/\/blogdorogeriogomes.com.br\/noticias\/wp-json\/wp\/v2\/media\/32257"}],"wp:attachment":[{"href":"https:\/\/blogdorogeriogomes.com.br\/noticias\/wp-json\/wp\/v2\/media?parent=32256"}],"wp:term":[{"taxonomy":"category","embeddable":true,"href":"https:\/\/blogdorogeriogomes.com.br\/noticias\/wp-json\/wp\/v2\/categories?post=32256"},{"taxonomy":"post_tag","embeddable":true,"href":"https:\/\/blogdorogeriogomes.com.br\/noticias\/wp-json\/wp\/v2\/tags?post=32256"}],"curies":[{"name":"wp","href":"https:\/\/api.w.org\/{rel}","templated":true}]}}