{"id":32259,"date":"2024-04-08T21:19:06","date_gmt":"2024-04-08T21:19:06","guid":{"rendered":"https:\/\/blogdorogeriogomes.com.br\/noticias\/?p=32259"},"modified":"2024-04-08T21:19:06","modified_gmt":"2024-04-08T21:19:06","slug":"presidente-do-stf-reage-a-elon-musk-e-diz-que-empresas-devem-respeitar-a-lei-no-brasil","status":"publish","type":"post","link":"https:\/\/blogdorogeriogomes.com.br\/noticias\/2024\/04\/presidente-do-stf-reage-a-elon-musk-e-diz-que-empresas-devem-respeitar-a-lei-no-brasil\/","title":{"rendered":"Presidente do STF reage a Elon Musk e diz que empresas devem respeitar a lei no Brasil"},"content":{"rendered":"\n<p>O presidente do Supremo Tribunal Federal (STF), ministro Lu\u00eds Roberto Barroso, afirmou em nota nesta segunda-feira, dia 8 de abril, que o tribunal &#8220;atuou e continuar\u00e1 a atuar na prote\u00e7\u00e3o das institui\u00e7\u00f5es&#8221;, e que &#8220;toda e qualquer empresa que opere no Brasil est\u00e1 sujeita \u00e0 Constitui\u00e7\u00e3o Federal&#8221;.<\/p>\n\n\n\n<p>A nota foi divulgada ap\u00f3s um fim de semana marcado por amea\u00e7as do empres\u00e1rio sul-africano Elon Musk, dono da rede social X (ex-Twitter), e ataques ao ministro do STF Alexandre de Moraes.<\/p>\n\n\n\n<p>Musk usou o pr\u00f3prio perfil no X para dizer que passaria a descumprir ordens judiciais do STF que bloqueiam, no Brasil, o acesso a perfis de investigados por atos antidemocr\u00e1ticos. Em resposta, Moraes incluiu Elon Musk no inqu\u00e9rito das mil\u00edcias digitais.<\/p>\n\n\n\n<p>O presidente do Senado, Rodrigo Pacheco (PSD-MG), afirmou que as plataformas digitais lucram com falta de uma legisla\u00e7\u00e3o para regulamentar o uso das redes sociais e de intelig\u00eancia artificial.<\/p>\n\n\n\n<figure class=\"wp-block-image size-full\"><img loading=\"lazy\" decoding=\"async\" width=\"644\" height=\"476\" src=\"https:\/\/blogdorogeriogomes.com.br\/noticias\/wp-content\/uploads\/2024\/04\/images-54.jpeg\" alt=\"\" class=\"wp-image-32260\" srcset=\"https:\/\/blogdorogeriogomes.com.br\/noticias\/wp-content\/uploads\/2024\/04\/images-54.jpeg 644w, https:\/\/blogdorogeriogomes.com.br\/noticias\/wp-content\/uploads\/2024\/04\/images-54-300x222.jpeg 300w\" sizes=\"auto, (max-width: 644px) 100vw, 644px\" \/><\/figure>\n","protected":false},"excerpt":{"rendered":"<p>O presidente do Supremo Tribunal Federal (STF), ministro Lu\u00eds Roberto Barroso, afirmou em nota nesta segunda-feira, dia 8 de abril, que o tribunal &#8220;atuou e continuar\u00e1 a atuar na prote\u00e7\u00e3o das institui\u00e7\u00f5es&#8221;, e que &#8220;toda e qualquer empresa que opere no Brasil est\u00e1 sujeita \u00e0 Constitui\u00e7\u00e3o Federal&#8221;. A nota foi divulgada ap\u00f3s um fim de semana marcado por amea\u00e7as do empres\u00e1rio sul-africano Elon Musk, dono da rede social X (ex-Twitter), e ataques ao ministro do STF Alexandre de Moraes.&hellip;<\/p>\n","protected":false},"author":1,"featured_media":32260,"comment_status":"open","ping_status":"open","sticky":false,"template":"","format":"standard","meta":{"footnotes":""},"categories":[1],"tags":[],"class_list":["post-32259","post","type-post","status-publish","format-standard","has-post-thumbnail","hentry","category-noticias"],"_links":{"self":[{"href":"https:\/\/blogdorogeriogomes.com.br\/noticias\/wp-json\/wp\/v2\/posts\/32259","targetHints":{"allow":["GET"]}}],"collection":[{"href":"https:\/\/blogdorogeriogomes.com.br\/noticias\/wp-json\/wp\/v2\/posts"}],"about":[{"href":"https:\/\/blogdorogeriogomes.com.br\/noticias\/wp-json\/wp\/v2\/types\/post"}],"author":[{"embeddable":true,"href":"https:\/\/blogdorogeriogomes.com.br\/noticias\/wp-json\/wp\/v2\/users\/1"}],"replies":[{"embeddable":true,"href":"https:\/\/blogdorogeriogomes.com.br\/noticias\/wp-json\/wp\/v2\/comments?post=32259"}],"version-history":[{"count":1,"href":"https:\/\/blogdorogeriogomes.com.br\/noticias\/wp-json\/wp\/v2\/posts\/32259\/revisions"}],"predecessor-version":[{"id":32261,"href":"https:\/\/blogdorogeriogomes.com.br\/noticias\/wp-json\/wp\/v2\/posts\/32259\/revisions\/32261"}],"wp:featuredmedia":[{"embeddable":true,"href":"https:\/\/blogdorogeriogomes.com.br\/noticias\/wp-json\/wp\/v2\/media\/32260"}],"wp:attachment":[{"href":"https:\/\/blogdorogeriogomes.com.br\/noticias\/wp-json\/wp\/v2\/media?parent=32259"}],"wp:term":[{"taxonomy":"category","embeddable":true,"href":"https:\/\/blogdorogeriogomes.com.br\/noticias\/wp-json\/wp\/v2\/categories?post=32259"},{"taxonomy":"post_tag","embeddable":true,"href":"https:\/\/blogdorogeriogomes.com.br\/noticias\/wp-json\/wp\/v2\/tags?post=32259"}],"curies":[{"name":"wp","href":"https:\/\/api.w.org\/{rel}","templated":true}]}}