{"id":32265,"date":"2024-04-09T11:01:52","date_gmt":"2024-04-09T11:01:52","guid":{"rendered":"https:\/\/blogdorogeriogomes.com.br\/noticias\/?p=32265"},"modified":"2024-04-09T11:01:53","modified_gmt":"2024-04-09T11:01:53","slug":"prefeito-jose-sarto-anuncia-reforma-administrativa-com-mudancas-em-17-secretarias-municipais-em-fortaleza","status":"publish","type":"post","link":"https:\/\/blogdorogeriogomes.com.br\/noticias\/2024\/04\/prefeito-jose-sarto-anuncia-reforma-administrativa-com-mudancas-em-17-secretarias-municipais-em-fortaleza\/","title":{"rendered":"Prefeito Jos\u00e9 Sarto anuncia reforma administrativa com mudan\u00e7as em 17 secretarias municipais em Fortaleza"},"content":{"rendered":"\n<p>O prefeito de Fortaleza, Jos\u00e9 Sarto (PDT), anunciou os nomes dos novos 17 secret\u00e1rios da gest\u00e3o na Capital. Os novos titulares v\u00e3o ocupar as vagas de que deixaram os cargos para disputar nas elei\u00e7\u00f5es municipais deste ano. Boa parte vai concorrer a um mandato de vereador, na busca de refor\u00e7ar a base do prefeito, em caso de reelei\u00e7\u00e3o de Sarto.<\/p>\n\n\n\n<p>Confira as mudan\u00e7as :<\/p>\n\n\n\n<p>Secret\u00e1rio da Educa\u00e7\u00e3o &#8211; Jefferson de Queiroz Maia<\/p>\n\n\n\n<p>Coordenador Especial de Prote\u00e7\u00e3o e Bem-Estar Animal &#8211; Ricardo Ribeiro Garcia<\/p>\n\n\n\n<p>Secretaria Executiva Regional 1 &#8211; Priscila Teixeira Lima<\/p>\n\n\n\n<p>Secretaria Executiva Regional 2 &#8211; Jo\u00e3o Carlos Ara\u00fajo<\/p>\n\n\n\n<p>Secretaria Executiva Regional 3 &#8211; Ariane Sousa da Silva<\/p>\n\n\n\n<p>Secretaria Executiva Regional 4 &#8211; Ubiratan Teixeira<\/p>\n\n\n\n<p>Secretaria Executiva Regional 5 &#8211; Lucinildo Frota<\/p>\n\n\n\n<p>Secretaria Executiva Regional 7 &#8211; Bruno Alves Batista Falc\u00e3o<\/p>\n\n\n\n<p>Secretaria Executiva Regional 8 &#8211; Carlos Frederico de Lacerda Castelo Branco Moreira<\/p>\n\n\n\n<p>Secretaria Executiva Regional 9 &#8211; Pedro Tiago Mendes Amaral<\/p>\n\n\n\n<p>Secretaria Executiva Regional 10 &#8211; Alanderson de Castro Mangueira<\/p>\n\n\n\n<p>Secretaria Executiva Regional 11 &#8211; Fernando Feitosa de Lima<\/p>\n\n\n\n<p>Secretaria da Seguran\u00e7a Cidad\u00e3 &#8211; Heraldo Pacheco<\/p>\n\n\n\n<p>Secretaria da Cultura &#8211; Roberto Viana dos Reis J\u00fanior<\/p>\n\n\n\n<p>Procon &#8211; Eneylandia Rabelo Lemos<\/p>\n\n\n\n<p>Secretaria do Esporte e Lazer &#8211; Ticiana Sampaio Pinheiro<\/p>\n\n\n\n<figure class=\"wp-block-image size-full\"><img loading=\"lazy\" decoding=\"async\" width=\"678\" height=\"452\" src=\"https:\/\/blogdorogeriogomes.com.br\/noticias\/wp-content\/uploads\/2024\/04\/images-55.jpeg\" alt=\"\" class=\"wp-image-32266\" srcset=\"https:\/\/blogdorogeriogomes.com.br\/noticias\/wp-content\/uploads\/2024\/04\/images-55.jpeg 678w, https:\/\/blogdorogeriogomes.com.br\/noticias\/wp-content\/uploads\/2024\/04\/images-55-300x200.jpeg 300w\" sizes=\"auto, (max-width: 678px) 100vw, 678px\" \/><\/figure>\n","protected":false},"excerpt":{"rendered":"<p>O prefeito de Fortaleza, Jos\u00e9 Sarto (PDT), anunciou os nomes dos novos 17 secret\u00e1rios da gest\u00e3o na Capital. Os novos titulares v\u00e3o ocupar as vagas de que deixaram os cargos para disputar nas elei\u00e7\u00f5es municipais deste ano. Boa parte vai concorrer a um mandato de vereador, na busca de refor\u00e7ar a base do prefeito, em caso de reelei\u00e7\u00e3o de Sarto. Confira as mudan\u00e7as : Secret\u00e1rio da Educa\u00e7\u00e3o &#8211; Jefferson de Queiroz Maia Coordenador Especial de Prote\u00e7\u00e3o e Bem-Estar Animal&hellip;<\/p>\n","protected":false},"author":1,"featured_media":32266,"comment_status":"open","ping_status":"open","sticky":false,"template":"","format":"standard","meta":{"footnotes":""},"categories":[1],"tags":[],"class_list":["post-32265","post","type-post","status-publish","format-standard","has-post-thumbnail","hentry","category-noticias"],"_links":{"self":[{"href":"https:\/\/blogdorogeriogomes.com.br\/noticias\/wp-json\/wp\/v2\/posts\/32265","targetHints":{"allow":["GET"]}}],"collection":[{"href":"https:\/\/blogdorogeriogomes.com.br\/noticias\/wp-json\/wp\/v2\/posts"}],"about":[{"href":"https:\/\/blogdorogeriogomes.com.br\/noticias\/wp-json\/wp\/v2\/types\/post"}],"author":[{"embeddable":true,"href":"https:\/\/blogdorogeriogomes.com.br\/noticias\/wp-json\/wp\/v2\/users\/1"}],"replies":[{"embeddable":true,"href":"https:\/\/blogdorogeriogomes.com.br\/noticias\/wp-json\/wp\/v2\/comments?post=32265"}],"version-history":[{"count":1,"href":"https:\/\/blogdorogeriogomes.com.br\/noticias\/wp-json\/wp\/v2\/posts\/32265\/revisions"}],"predecessor-version":[{"id":32267,"href":"https:\/\/blogdorogeriogomes.com.br\/noticias\/wp-json\/wp\/v2\/posts\/32265\/revisions\/32267"}],"wp:featuredmedia":[{"embeddable":true,"href":"https:\/\/blogdorogeriogomes.com.br\/noticias\/wp-json\/wp\/v2\/media\/32266"}],"wp:attachment":[{"href":"https:\/\/blogdorogeriogomes.com.br\/noticias\/wp-json\/wp\/v2\/media?parent=32265"}],"wp:term":[{"taxonomy":"category","embeddable":true,"href":"https:\/\/blogdorogeriogomes.com.br\/noticias\/wp-json\/wp\/v2\/categories?post=32265"},{"taxonomy":"post_tag","embeddable":true,"href":"https:\/\/blogdorogeriogomes.com.br\/noticias\/wp-json\/wp\/v2\/tags?post=32265"}],"curies":[{"name":"wp","href":"https:\/\/api.w.org\/{rel}","templated":true}]}}