{"id":32268,"date":"2024-04-09T11:29:43","date_gmt":"2024-04-09T11:29:43","guid":{"rendered":"https:\/\/blogdorogeriogomes.com.br\/noticias\/?p=32268"},"modified":"2024-04-09T11:32:25","modified_gmt":"2024-04-09T11:32:25","slug":"bancada-feminina-no-senado-pede-voto-de-repudio-as-falas-de-ciro-gomes-contra-a-senadora-janaina-farias","status":"publish","type":"post","link":"https:\/\/blogdorogeriogomes.com.br\/noticias\/2024\/04\/bancada-feminina-no-senado-pede-voto-de-repudio-as-falas-de-ciro-gomes-contra-a-senadora-janaina-farias\/","title":{"rendered":"Bancada feminina no Senado pede voto de rep\u00fadio \u00e0s falas de Ciro Gomes contra a senadora Jana\u00edna Farias"},"content":{"rendered":"\n<p>A Bancada Feminina do Senado Federal solicitou um voto de rep\u00fadio contra o ex-presidenci\u00e1vel e ex-governador do Cear\u00e1, Ciro Gomes (PDT), por falas contra a senadora cearense Jana\u00edna Farias (PT), rec\u00e9m-empossada. Jana\u00edna \u00e9 a segunda suplente no Senado do atual ministro da Educa\u00e7\u00e3o, Camilo Santana. Ela assumiu o mandato ap\u00f3s a licen\u00e7a de quatro meses de Augusta Brito, que vai ocupar neste per\u00edodo a Secretaria de Articula\u00e7\u00e3o Pol\u00edtica do Governo Elmano de Freitas.<\/p>\n\n\n\n<p>O documento foi assinado por 14 senadoras e\u00a0foi entregue nesta segunda-feira, dia 8 de abril, ao presidente da Casa, Rodrigo Pacheco (PSD). Elas argumentam que as falas de Ciro violam os princ\u00edpios de respeito e dignidade e configuram-se em viol\u00eancia pol\u00edtica de g\u00eanero.<\/p>\n\n\n\n<p>Ciro Gomes criticou o fato da parlamentar estar assumindo uma cadeira no Senado Federal, questionando a capacidade dela estar no cargo. Chegou a dizer que Jana\u00edna \u00e9 &#8220;assessora para assuntos de cama&#8221; do ministro da Educa\u00e7\u00e3o, Camilo Santana (PT). &#8220;Ela s\u00f3 fez servi\u00e7o particular do Camilo, e servi\u00e7o particular, assim, \u00e9 o har\u00e9m, s\u00e3o os eunucos, s\u00e3o as meninas do entorno. Ela sempre foi encarregada desse servi\u00e7o\u201d, chegou a dizer Ciro Gomes.<\/p>\n\n\n\n<figure class=\"wp-block-image size-full\"><img loading=\"lazy\" decoding=\"async\" width=\"715\" height=\"429\" src=\"https:\/\/blogdorogeriogomes.com.br\/noticias\/wp-content\/uploads\/2024\/04\/images-56.jpeg\" alt=\"\" class=\"wp-image-32269\" srcset=\"https:\/\/blogdorogeriogomes.com.br\/noticias\/wp-content\/uploads\/2024\/04\/images-56.jpeg 715w, https:\/\/blogdorogeriogomes.com.br\/noticias\/wp-content\/uploads\/2024\/04\/images-56-300x180.jpeg 300w\" sizes=\"auto, (max-width: 715px) 100vw, 715px\" \/><\/figure>\n\n\n\n<p><br><\/p>\n","protected":false},"excerpt":{"rendered":"<p>A Bancada Feminina do Senado Federal solicitou um voto de rep\u00fadio contra o ex-presidenci\u00e1vel e ex-governador do Cear\u00e1, Ciro Gomes (PDT), por falas contra a senadora cearense Jana\u00edna Farias (PT), rec\u00e9m-empossada. Jana\u00edna \u00e9 a segunda suplente no Senado do atual ministro da Educa\u00e7\u00e3o, Camilo Santana. Ela assumiu o mandato ap\u00f3s a licen\u00e7a de quatro meses de Augusta Brito, que vai ocupar neste per\u00edodo a Secretaria de Articula\u00e7\u00e3o Pol\u00edtica do Governo Elmano de Freitas. O documento foi assinado por 14&hellip;<\/p>\n","protected":false},"author":1,"featured_media":32269,"comment_status":"open","ping_status":"open","sticky":false,"template":"","format":"standard","meta":{"footnotes":""},"categories":[1],"tags":[],"class_list":["post-32268","post","type-post","status-publish","format-standard","has-post-thumbnail","hentry","category-noticias"],"_links":{"self":[{"href":"https:\/\/blogdorogeriogomes.com.br\/noticias\/wp-json\/wp\/v2\/posts\/32268","targetHints":{"allow":["GET"]}}],"collection":[{"href":"https:\/\/blogdorogeriogomes.com.br\/noticias\/wp-json\/wp\/v2\/posts"}],"about":[{"href":"https:\/\/blogdorogeriogomes.com.br\/noticias\/wp-json\/wp\/v2\/types\/post"}],"author":[{"embeddable":true,"href":"https:\/\/blogdorogeriogomes.com.br\/noticias\/wp-json\/wp\/v2\/users\/1"}],"replies":[{"embeddable":true,"href":"https:\/\/blogdorogeriogomes.com.br\/noticias\/wp-json\/wp\/v2\/comments?post=32268"}],"version-history":[{"count":1,"href":"https:\/\/blogdorogeriogomes.com.br\/noticias\/wp-json\/wp\/v2\/posts\/32268\/revisions"}],"predecessor-version":[{"id":32270,"href":"https:\/\/blogdorogeriogomes.com.br\/noticias\/wp-json\/wp\/v2\/posts\/32268\/revisions\/32270"}],"wp:featuredmedia":[{"embeddable":true,"href":"https:\/\/blogdorogeriogomes.com.br\/noticias\/wp-json\/wp\/v2\/media\/32269"}],"wp:attachment":[{"href":"https:\/\/blogdorogeriogomes.com.br\/noticias\/wp-json\/wp\/v2\/media?parent=32268"}],"wp:term":[{"taxonomy":"category","embeddable":true,"href":"https:\/\/blogdorogeriogomes.com.br\/noticias\/wp-json\/wp\/v2\/categories?post=32268"},{"taxonomy":"post_tag","embeddable":true,"href":"https:\/\/blogdorogeriogomes.com.br\/noticias\/wp-json\/wp\/v2\/tags?post=32268"}],"curies":[{"name":"wp","href":"https:\/\/api.w.org\/{rel}","templated":true}]}}