{"id":32279,"date":"2024-04-10T09:45:37","date_gmt":"2024-04-10T09:45:37","guid":{"rendered":"https:\/\/blogdorogeriogomes.com.br\/noticias\/?p=32279"},"modified":"2024-04-10T09:45:38","modified_gmt":"2024-04-10T09:45:38","slug":"professores-da-ufc-unilab-e-ufca-prometem-paralisacao-a-partir-de-15-de-abril-por-aumento-salarial","status":"publish","type":"post","link":"https:\/\/blogdorogeriogomes.com.br\/noticias\/2024\/04\/professores-da-ufc-unilab-e-ufca-prometem-paralisacao-a-partir-de-15-de-abril-por-aumento-salarial\/","title":{"rendered":"Professores da UFC, Unilab e UFCA prometem paralisa\u00e7\u00e3o a partir de 15 de abril por aumento salarial"},"content":{"rendered":"\n<p>Professores da Universidade Federal do Cear\u00e1 (UFC), da Universidade Federal do Cariri (UFCA) e da Universidade da Integra\u00e7\u00e3o Internacional da Lusofonia Afro-Brasileira (Unilab) deflagraram greve a partir do pr\u00f3ximo dia 15 de abril. A categoria reivindica recomposi\u00e7\u00e3o salarial.<\/p>\n\n\n\n<p>Os professores universit\u00e1rios querem reajuste de 22,71% dividido em tr\u00eas anos (aproximadamente 7% em 2024, 2025 e 2026), enquanto o oferecido pelo governo \u00e9 9% fracionado em duas vezes (2025 e 2026), com a primeira parcela paga s\u00f3 no pr\u00f3ximo ano.<br><\/p>\n\n\n\n<figure class=\"wp-block-image size-full\"><img loading=\"lazy\" decoding=\"async\" width=\"750\" height=\"500\" src=\"https:\/\/blogdorogeriogomes.com.br\/noticias\/wp-content\/uploads\/2024\/04\/1_assembleia_universidades-26349194.jpeg\" alt=\"\" class=\"wp-image-32280\" srcset=\"https:\/\/blogdorogeriogomes.com.br\/noticias\/wp-content\/uploads\/2024\/04\/1_assembleia_universidades-26349194.jpeg 750w, https:\/\/blogdorogeriogomes.com.br\/noticias\/wp-content\/uploads\/2024\/04\/1_assembleia_universidades-26349194-300x200.jpeg 300w\" sizes=\"auto, (max-width: 750px) 100vw, 750px\" \/><\/figure>\n\n\n\n<p><br><\/p>\n","protected":false},"excerpt":{"rendered":"<p>Professores da Universidade Federal do Cear\u00e1 (UFC), da Universidade Federal do Cariri (UFCA) e da Universidade da Integra\u00e7\u00e3o Internacional da Lusofonia Afro-Brasileira (Unilab) deflagraram greve a partir do pr\u00f3ximo dia 15 de abril. A categoria reivindica recomposi\u00e7\u00e3o salarial. Os professores universit\u00e1rios querem reajuste de 22,71% dividido em tr\u00eas anos (aproximadamente 7% em 2024, 2025 e 2026), enquanto o oferecido pelo governo \u00e9 9% fracionado em duas vezes (2025 e 2026), com a primeira parcela paga s\u00f3 no pr\u00f3ximo ano.<\/p>\n","protected":false},"author":1,"featured_media":32280,"comment_status":"open","ping_status":"open","sticky":false,"template":"","format":"standard","meta":{"footnotes":""},"categories":[1],"tags":[],"class_list":["post-32279","post","type-post","status-publish","format-standard","has-post-thumbnail","hentry","category-noticias"],"_links":{"self":[{"href":"https:\/\/blogdorogeriogomes.com.br\/noticias\/wp-json\/wp\/v2\/posts\/32279","targetHints":{"allow":["GET"]}}],"collection":[{"href":"https:\/\/blogdorogeriogomes.com.br\/noticias\/wp-json\/wp\/v2\/posts"}],"about":[{"href":"https:\/\/blogdorogeriogomes.com.br\/noticias\/wp-json\/wp\/v2\/types\/post"}],"author":[{"embeddable":true,"href":"https:\/\/blogdorogeriogomes.com.br\/noticias\/wp-json\/wp\/v2\/users\/1"}],"replies":[{"embeddable":true,"href":"https:\/\/blogdorogeriogomes.com.br\/noticias\/wp-json\/wp\/v2\/comments?post=32279"}],"version-history":[{"count":1,"href":"https:\/\/blogdorogeriogomes.com.br\/noticias\/wp-json\/wp\/v2\/posts\/32279\/revisions"}],"predecessor-version":[{"id":32281,"href":"https:\/\/blogdorogeriogomes.com.br\/noticias\/wp-json\/wp\/v2\/posts\/32279\/revisions\/32281"}],"wp:featuredmedia":[{"embeddable":true,"href":"https:\/\/blogdorogeriogomes.com.br\/noticias\/wp-json\/wp\/v2\/media\/32280"}],"wp:attachment":[{"href":"https:\/\/blogdorogeriogomes.com.br\/noticias\/wp-json\/wp\/v2\/media?parent=32279"}],"wp:term":[{"taxonomy":"category","embeddable":true,"href":"https:\/\/blogdorogeriogomes.com.br\/noticias\/wp-json\/wp\/v2\/categories?post=32279"},{"taxonomy":"post_tag","embeddable":true,"href":"https:\/\/blogdorogeriogomes.com.br\/noticias\/wp-json\/wp\/v2\/tags?post=32279"}],"curies":[{"name":"wp","href":"https:\/\/api.w.org\/{rel}","templated":true}]}}