{"id":32282,"date":"2024-04-11T10:31:55","date_gmt":"2024-04-11T10:31:55","guid":{"rendered":"https:\/\/blogdorogeriogomes.com.br\/noticias\/?p=32282"},"modified":"2024-04-11T10:31:56","modified_gmt":"2024-04-11T10:31:56","slug":"plenario-da-camara-dos-deputados-decide-que-chiquinho-brazao-continuara-preso-sob-acusacao-de-ter-mandado-matar-a-vereadora-marielle-franco","status":"publish","type":"post","link":"https:\/\/blogdorogeriogomes.com.br\/noticias\/2024\/04\/plenario-da-camara-dos-deputados-decide-que-chiquinho-brazao-continuara-preso-sob-acusacao-de-ter-mandado-matar-a-vereadora-marielle-franco\/","title":{"rendered":"Plen\u00e1rio da C\u00e2mara dos Deputados decide que Chiquinho Braz\u00e3o continuar\u00e1 preso sob acusa\u00e7\u00e3o de ter mandado matar a vereadora Marielle Franco"},"content":{"rendered":"\n<p>O Plen\u00e1rio da C\u00e2mara\u00a0dos Deputados decidiu manter a pris\u00e3o do deputado federal Chiquinho Braz\u00e3o (sem partido-RJ). O placar ficou em 277 votos favor\u00e1veis, 129 contr\u00e1rios e 28 absten\u00e7\u00f5es. Braz\u00e3o, que foi expulso do Uni\u00e3o Brasil, est\u00e1 preso desde o dia 23 de mar\u00e7o.<\/p>\n\n\n\n<p>O parlamentar \u00e9 acusado de ser um dos mandantes do assassinato de Marielle Franco (Psol-RJ) e do seu motorista, Anderson Gomes, em 14 de mar\u00e7o de 2018.<\/p>\n\n\n\n<p>Onze deputados federais do Cear\u00e1 votaram pela manuten\u00e7\u00e3o da pris\u00e3o de Chiquinho Braz\u00e3o: Andr\u00e9 Figueiredo (PDT), C\u00e9lio Studart (PSD), Dayany Bittencourt (Uni\u00e3o), Domingos Neto (PSD), Idilvan Alencar (PDT), Jos\u00e9 Airton (PT), Jos\u00e9 Guimar\u00e3es (PT),Le\u00f4nidas Cristino (PDT), Luiz Gast\u00e3o (PSD), Mauro Filho (PDT)e Yury do Pared\u00e3o (MDB). <\/p>\n\n\n\n<p>Votaram pela liberdade de Braz\u00e3o, deputados do PL de Jair Bolsonaro e do Uni\u00e3o Brasil: Andr\u00e9 Fernandes (PL), Danilo Forte (Uni\u00e3o), Dr. Jaziel (PL), Fernanda Pessoa (Uni\u00e3o) e J\u00fanior Mano (PL).<br><\/p>\n\n\n\n<figure class=\"wp-block-image size-full\"><img loading=\"lazy\" decoding=\"async\" width=\"678\" height=\"452\" src=\"https:\/\/blogdorogeriogomes.com.br\/noticias\/wp-content\/uploads\/2024\/04\/images-57.jpeg\" alt=\"\" class=\"wp-image-32283\" srcset=\"https:\/\/blogdorogeriogomes.com.br\/noticias\/wp-content\/uploads\/2024\/04\/images-57.jpeg 678w, https:\/\/blogdorogeriogomes.com.br\/noticias\/wp-content\/uploads\/2024\/04\/images-57-300x200.jpeg 300w\" sizes=\"auto, (max-width: 678px) 100vw, 678px\" \/><\/figure>\n\n\n\n<p><br><\/p>\n\n\n\n<p> <\/p>\n","protected":false},"excerpt":{"rendered":"<p>O Plen\u00e1rio da C\u00e2mara\u00a0dos Deputados decidiu manter a pris\u00e3o do deputado federal Chiquinho Braz\u00e3o (sem partido-RJ). O placar ficou em 277 votos favor\u00e1veis, 129 contr\u00e1rios e 28 absten\u00e7\u00f5es. Braz\u00e3o, que foi expulso do Uni\u00e3o Brasil, est\u00e1 preso desde o dia 23 de mar\u00e7o. O parlamentar \u00e9 acusado de ser um dos mandantes do assassinato de Marielle Franco (Psol-RJ) e do seu motorista, Anderson Gomes, em 14 de mar\u00e7o de 2018. Onze deputados federais do Cear\u00e1 votaram pela manuten\u00e7\u00e3o da&hellip;<\/p>\n","protected":false},"author":1,"featured_media":32283,"comment_status":"open","ping_status":"open","sticky":false,"template":"","format":"standard","meta":{"footnotes":""},"categories":[1],"tags":[],"class_list":["post-32282","post","type-post","status-publish","format-standard","has-post-thumbnail","hentry","category-noticias"],"_links":{"self":[{"href":"https:\/\/blogdorogeriogomes.com.br\/noticias\/wp-json\/wp\/v2\/posts\/32282","targetHints":{"allow":["GET"]}}],"collection":[{"href":"https:\/\/blogdorogeriogomes.com.br\/noticias\/wp-json\/wp\/v2\/posts"}],"about":[{"href":"https:\/\/blogdorogeriogomes.com.br\/noticias\/wp-json\/wp\/v2\/types\/post"}],"author":[{"embeddable":true,"href":"https:\/\/blogdorogeriogomes.com.br\/noticias\/wp-json\/wp\/v2\/users\/1"}],"replies":[{"embeddable":true,"href":"https:\/\/blogdorogeriogomes.com.br\/noticias\/wp-json\/wp\/v2\/comments?post=32282"}],"version-history":[{"count":1,"href":"https:\/\/blogdorogeriogomes.com.br\/noticias\/wp-json\/wp\/v2\/posts\/32282\/revisions"}],"predecessor-version":[{"id":32284,"href":"https:\/\/blogdorogeriogomes.com.br\/noticias\/wp-json\/wp\/v2\/posts\/32282\/revisions\/32284"}],"wp:featuredmedia":[{"embeddable":true,"href":"https:\/\/blogdorogeriogomes.com.br\/noticias\/wp-json\/wp\/v2\/media\/32283"}],"wp:attachment":[{"href":"https:\/\/blogdorogeriogomes.com.br\/noticias\/wp-json\/wp\/v2\/media?parent=32282"}],"wp:term":[{"taxonomy":"category","embeddable":true,"href":"https:\/\/blogdorogeriogomes.com.br\/noticias\/wp-json\/wp\/v2\/categories?post=32282"},{"taxonomy":"post_tag","embeddable":true,"href":"https:\/\/blogdorogeriogomes.com.br\/noticias\/wp-json\/wp\/v2\/tags?post=32282"}],"curies":[{"name":"wp","href":"https:\/\/api.w.org\/{rel}","templated":true}]}}