{"id":32285,"date":"2024-04-11T10:51:19","date_gmt":"2024-04-11T10:51:19","guid":{"rendered":"https:\/\/blogdorogeriogomes.com.br\/noticias\/?p=32285"},"modified":"2024-04-11T10:51:20","modified_gmt":"2024-04-11T10:51:20","slug":"governo-estadual-entrega-vale-gas-social-a-prefeituras-renova-contratos-do-cozinha-solidaria-e-anuncia-concurso-publico-para-o-sistema-penal","status":"publish","type":"post","link":"https:\/\/blogdorogeriogomes.com.br\/noticias\/2024\/04\/governo-estadual-entrega-vale-gas-social-a-prefeituras-renova-contratos-do-cozinha-solidaria-e-anuncia-concurso-publico-para-o-sistema-penal\/","title":{"rendered":"Governo estadual entrega Vale G\u00e1s Social a prefeituras, renova contratos do Cozinha Solid\u00e1ria e anuncia concurso p\u00fablico para o Sistema Penal"},"content":{"rendered":"\n<p>Uma nova entrega do Vale G\u00e1s Social ocorrer\u00e1, nesta quinta-feira, dia 11 de abril, na sede da Secretaria da Prote\u00e7\u00e3o Social (SPS), e contar\u00e1 com a presen\u00e7a do governador do Cear\u00e1, Elmano de Freitas, e da secret\u00e1ria da Prote\u00e7\u00e3o Social, On\u00e9lia Santana. Os t\u00edquetes ser\u00e3o entregues \u00e0s 184 prefeituras cearenses.<\/p>\n\n\n\n<p>Pol\u00edtica p\u00fablica do Governo do Cear\u00e1, esta \u00e9 a primeira entrega do programa em 2024 e beneficiar\u00e1 208.474 fam\u00edlias em situa\u00e7\u00e3o de extrema vulnerabilidade social, 324 cozinhas sociais e entidades credenciadas no Programa Mais Nutri\u00e7\u00e3o. O investimento do Estado neste lote \u00e9 de R$ 19,7 milh\u00f5es.<\/p>\n\n\n\n<p>Nesta quinta-feira, Elmano de Freitas anuncia prorroga\u00e7\u00e3o de aditivo para as cozinhas do programa continuarem fornecendo alimenta\u00e7\u00e3o di\u00e1ria ao p\u00fablico beneficiado por mais seis meses. O investimento \u00e9 de mais de R$ 87 Milh\u00f5es.<\/p>\n\n\n\n<p>Ontem, em sua live semanal, o governador do Cear\u00e1 confirmou o concurso com 600 vagas para o cargo de policial penal, da Secretaria da Administra\u00e7\u00e3o Penitenci\u00e1ria e Ressocializa\u00e7\u00e3o (SAP). O edital foi publicado no Di\u00e1rio Oficial do Estado (DOE).<\/p>\n\n\n\n<figure class=\"wp-block-image size-full\"><img loading=\"lazy\" decoding=\"async\" width=\"678\" height=\"452\" src=\"https:\/\/blogdorogeriogomes.com.br\/noticias\/wp-content\/uploads\/2024\/04\/images-58.jpeg\" alt=\"\" class=\"wp-image-32286\" srcset=\"https:\/\/blogdorogeriogomes.com.br\/noticias\/wp-content\/uploads\/2024\/04\/images-58.jpeg 678w, https:\/\/blogdorogeriogomes.com.br\/noticias\/wp-content\/uploads\/2024\/04\/images-58-300x200.jpeg 300w\" sizes=\"auto, (max-width: 678px) 100vw, 678px\" \/><\/figure>\n","protected":false},"excerpt":{"rendered":"<p>Uma nova entrega do Vale G\u00e1s Social ocorrer\u00e1, nesta quinta-feira, dia 11 de abril, na sede da Secretaria da Prote\u00e7\u00e3o Social (SPS), e contar\u00e1 com a presen\u00e7a do governador do Cear\u00e1, Elmano de Freitas, e da secret\u00e1ria da Prote\u00e7\u00e3o Social, On\u00e9lia Santana. Os t\u00edquetes ser\u00e3o entregues \u00e0s 184 prefeituras cearenses. Pol\u00edtica p\u00fablica do Governo do Cear\u00e1, esta \u00e9 a primeira entrega do programa em 2024 e beneficiar\u00e1 208.474 fam\u00edlias em situa\u00e7\u00e3o de extrema vulnerabilidade social, 324 cozinhas sociais e&hellip;<\/p>\n","protected":false},"author":1,"featured_media":32286,"comment_status":"open","ping_status":"open","sticky":false,"template":"","format":"standard","meta":{"footnotes":""},"categories":[1],"tags":[],"class_list":["post-32285","post","type-post","status-publish","format-standard","has-post-thumbnail","hentry","category-noticias"],"_links":{"self":[{"href":"https:\/\/blogdorogeriogomes.com.br\/noticias\/wp-json\/wp\/v2\/posts\/32285","targetHints":{"allow":["GET"]}}],"collection":[{"href":"https:\/\/blogdorogeriogomes.com.br\/noticias\/wp-json\/wp\/v2\/posts"}],"about":[{"href":"https:\/\/blogdorogeriogomes.com.br\/noticias\/wp-json\/wp\/v2\/types\/post"}],"author":[{"embeddable":true,"href":"https:\/\/blogdorogeriogomes.com.br\/noticias\/wp-json\/wp\/v2\/users\/1"}],"replies":[{"embeddable":true,"href":"https:\/\/blogdorogeriogomes.com.br\/noticias\/wp-json\/wp\/v2\/comments?post=32285"}],"version-history":[{"count":1,"href":"https:\/\/blogdorogeriogomes.com.br\/noticias\/wp-json\/wp\/v2\/posts\/32285\/revisions"}],"predecessor-version":[{"id":32287,"href":"https:\/\/blogdorogeriogomes.com.br\/noticias\/wp-json\/wp\/v2\/posts\/32285\/revisions\/32287"}],"wp:featuredmedia":[{"embeddable":true,"href":"https:\/\/blogdorogeriogomes.com.br\/noticias\/wp-json\/wp\/v2\/media\/32286"}],"wp:attachment":[{"href":"https:\/\/blogdorogeriogomes.com.br\/noticias\/wp-json\/wp\/v2\/media?parent=32285"}],"wp:term":[{"taxonomy":"category","embeddable":true,"href":"https:\/\/blogdorogeriogomes.com.br\/noticias\/wp-json\/wp\/v2\/categories?post=32285"},{"taxonomy":"post_tag","embeddable":true,"href":"https:\/\/blogdorogeriogomes.com.br\/noticias\/wp-json\/wp\/v2\/tags?post=32285"}],"curies":[{"name":"wp","href":"https:\/\/api.w.org\/{rel}","templated":true}]}}