{"id":32288,"date":"2024-04-11T11:05:00","date_gmt":"2024-04-11T11:05:00","guid":{"rendered":"https:\/\/blogdorogeriogomes.com.br\/noticias\/?p=32288"},"modified":"2024-04-11T11:05:01","modified_gmt":"2024-04-11T11:05:01","slug":"ministro-de-minas-e-energia-vai-receber-integrantes-da-cpi-da-enel-e-tecnicos-do-governo-para-discutir-providencias-sobre-o-mau-servico-da-distribuidora","status":"publish","type":"post","link":"https:\/\/blogdorogeriogomes.com.br\/noticias\/2024\/04\/ministro-de-minas-e-energia-vai-receber-integrantes-da-cpi-da-enel-e-tecnicos-do-governo-para-discutir-providencias-sobre-o-mau-servico-da-distribuidora\/","title":{"rendered":"Ministro de Minas e Energia vai receber integrantes da CPI da Enel e t\u00e9cnicos do Governo para discutir provid\u00eancias sobre o mau servi\u00e7o da distribuidora"},"content":{"rendered":"\n<p>O governador Elmano de Freitas (PT) se reuniu, nesta quarta-feira, dia 10 de abril, com o ministro de Minas e Energia, Alexandre Silveira, em Bras\u00edlia, para tratar do servi\u00e7o prestado pela Enel no Cear\u00e1. O chefe do Executivo cearense afirmou que debateu poss\u00edveis provid\u00eancias contra a empresa e apresentou informa\u00e7\u00f5es apuradas pela CPI da Assembleia Legislativa que investiga a concess\u00e3o \u00e0 companhia.<br>Na pr\u00f3xima ter\u00e7a-feira, dia 16, haver\u00e1 um novo encontro com o Governo Federal, que contar\u00e1 com a participa\u00e7\u00e3o dos parlamentares que comp\u00f5em a CPI, al\u00e9m da equipe t\u00e9cnica do Governo do Cear\u00e1. O objetivo \u00e9 debater sobre o tema e cobrar novas provid\u00eancias.<br>O ministro Alexandre Silveira disse a Elmano que se reuniu com deputados federais da bancada de S\u00e3o Paulo e anunciou o endurecimento dos crit\u00e9rios de qualidade no processo de renova\u00e7\u00e3o das distribuidoras de energia el\u00e9trica. O estado de S\u00e3o Paulo tamb\u00e9m sofre com a defici\u00eancia nos servi\u00e7os da Enel.<\/p>\n\n\n\n<figure class=\"wp-block-image size-full\"><img loading=\"lazy\" decoding=\"async\" width=\"640\" height=\"480\" src=\"https:\/\/blogdorogeriogomes.com.br\/noticias\/wp-content\/uploads\/2024\/04\/images-59.jpeg\" alt=\"\" class=\"wp-image-32289\" srcset=\"https:\/\/blogdorogeriogomes.com.br\/noticias\/wp-content\/uploads\/2024\/04\/images-59.jpeg 640w, https:\/\/blogdorogeriogomes.com.br\/noticias\/wp-content\/uploads\/2024\/04\/images-59-300x225.jpeg 300w, https:\/\/blogdorogeriogomes.com.br\/noticias\/wp-content\/uploads\/2024\/04\/images-59-400x300.jpeg 400w\" sizes=\"auto, (max-width: 640px) 100vw, 640px\" \/><\/figure>\n","protected":false},"excerpt":{"rendered":"<p>O governador Elmano de Freitas (PT) se reuniu, nesta quarta-feira, dia 10 de abril, com o ministro de Minas e Energia, Alexandre Silveira, em Bras\u00edlia, para tratar do servi\u00e7o prestado pela Enel no Cear\u00e1. O chefe do Executivo cearense afirmou que debateu poss\u00edveis provid\u00eancias contra a empresa e apresentou informa\u00e7\u00f5es apuradas pela CPI da Assembleia Legislativa que investiga a concess\u00e3o \u00e0 companhia.Na pr\u00f3xima ter\u00e7a-feira, dia 16, haver\u00e1 um novo encontro com o Governo Federal, que contar\u00e1 com a participa\u00e7\u00e3o&hellip;<\/p>\n","protected":false},"author":1,"featured_media":32289,"comment_status":"open","ping_status":"open","sticky":false,"template":"","format":"standard","meta":{"footnotes":""},"categories":[1],"tags":[],"class_list":["post-32288","post","type-post","status-publish","format-standard","has-post-thumbnail","hentry","category-noticias"],"_links":{"self":[{"href":"https:\/\/blogdorogeriogomes.com.br\/noticias\/wp-json\/wp\/v2\/posts\/32288","targetHints":{"allow":["GET"]}}],"collection":[{"href":"https:\/\/blogdorogeriogomes.com.br\/noticias\/wp-json\/wp\/v2\/posts"}],"about":[{"href":"https:\/\/blogdorogeriogomes.com.br\/noticias\/wp-json\/wp\/v2\/types\/post"}],"author":[{"embeddable":true,"href":"https:\/\/blogdorogeriogomes.com.br\/noticias\/wp-json\/wp\/v2\/users\/1"}],"replies":[{"embeddable":true,"href":"https:\/\/blogdorogeriogomes.com.br\/noticias\/wp-json\/wp\/v2\/comments?post=32288"}],"version-history":[{"count":1,"href":"https:\/\/blogdorogeriogomes.com.br\/noticias\/wp-json\/wp\/v2\/posts\/32288\/revisions"}],"predecessor-version":[{"id":32290,"href":"https:\/\/blogdorogeriogomes.com.br\/noticias\/wp-json\/wp\/v2\/posts\/32288\/revisions\/32290"}],"wp:featuredmedia":[{"embeddable":true,"href":"https:\/\/blogdorogeriogomes.com.br\/noticias\/wp-json\/wp\/v2\/media\/32289"}],"wp:attachment":[{"href":"https:\/\/blogdorogeriogomes.com.br\/noticias\/wp-json\/wp\/v2\/media?parent=32288"}],"wp:term":[{"taxonomy":"category","embeddable":true,"href":"https:\/\/blogdorogeriogomes.com.br\/noticias\/wp-json\/wp\/v2\/categories?post=32288"},{"taxonomy":"post_tag","embeddable":true,"href":"https:\/\/blogdorogeriogomes.com.br\/noticias\/wp-json\/wp\/v2\/tags?post=32288"}],"curies":[{"name":"wp","href":"https:\/\/api.w.org\/{rel}","templated":true}]}}