{"id":32291,"date":"2024-04-11T11:26:28","date_gmt":"2024-04-11T11:26:28","guid":{"rendered":"https:\/\/blogdorogeriogomes.com.br\/noticias\/?p=32291"},"modified":"2024-04-11T11:26:29","modified_gmt":"2024-04-11T11:26:29","slug":"prefeitura-de-fortaleza-entrega-novos-veiculos-para-rede-de-assistencia-social-e-requalificacao-de-posto-de-saude-na-vila-manoel-satiro","status":"publish","type":"post","link":"https:\/\/blogdorogeriogomes.com.br\/noticias\/2024\/04\/prefeitura-de-fortaleza-entrega-novos-veiculos-para-rede-de-assistencia-social-e-requalificacao-de-posto-de-saude-na-vila-manoel-satiro\/","title":{"rendered":"Prefeitura de Fortaleza entrega novos ve\u00edculos para rede de assist\u00eancia social e requalifica\u00e7\u00e3o de posto de sa\u00fade na Vila Manoel S\u00e1tiro"},"content":{"rendered":"\n<p>A Prefeitura de Fortaleza entrega, nesta quinta-feira, dia 11 de abril, 15 ve\u00edculos para dar suporte \u00e0s atividades socioassistenciais na Capital. A nova frota ser\u00e1 distribu\u00edda entre os seis Centros de Refer\u00eancia Especializados de Assist\u00eancia Social (Creas), os N\u00facleos de Cadastro \u00danico do munic\u00edpio e organiza\u00e7\u00f5es sociais prestadoras de servi\u00e7o de assist\u00eancia em Fortaleza.\u00a0<\/p>\n\n\n\n<p>Na quarta-feira, dia 10, os moradores do bairro Manoel S\u00e1tiro foram contemplados com o posto de sa\u00fade Luciano Torres de Melo totalmente requalificado. A entrega feita pelo prefeito Jos\u00e9 Sarto \u00e9 a primeira dos nove postos que passam por reconstru\u00e7\u00e3o, como pacote de investimentos na sa\u00fade de Fortaleza, lan\u00e7ado pela Prefeitura em 2023. A inaugura\u00e7\u00e3o da unidade tamb\u00e9m marca as comemora\u00e7\u00f5es do anivers\u00e1rio de 298 anos de Fortaleza.<\/p>\n\n\n\n<figure class=\"wp-block-image size-large\"><img loading=\"lazy\" decoding=\"async\" width=\"1024\" height=\"601\" src=\"https:\/\/blogdorogeriogomes.com.br\/noticias\/wp-content\/uploads\/2024\/04\/10-04-2024-SMS-1024x601.jpg\" alt=\"\" class=\"wp-image-32292\" srcset=\"https:\/\/blogdorogeriogomes.com.br\/noticias\/wp-content\/uploads\/2024\/04\/10-04-2024-SMS-1024x601.jpg 1024w, https:\/\/blogdorogeriogomes.com.br\/noticias\/wp-content\/uploads\/2024\/04\/10-04-2024-SMS-300x176.jpg 300w, https:\/\/blogdorogeriogomes.com.br\/noticias\/wp-content\/uploads\/2024\/04\/10-04-2024-SMS-768x451.jpg 768w, https:\/\/blogdorogeriogomes.com.br\/noticias\/wp-content\/uploads\/2024\/04\/10-04-2024-SMS-1536x902.jpg 1536w, https:\/\/blogdorogeriogomes.com.br\/noticias\/wp-content\/uploads\/2024\/04\/10-04-2024-SMS-800x470.jpg 800w, https:\/\/blogdorogeriogomes.com.br\/noticias\/wp-content\/uploads\/2024\/04\/10-04-2024-SMS.jpg 1592w\" sizes=\"auto, (max-width: 1024px) 100vw, 1024px\" \/><\/figure>\n","protected":false},"excerpt":{"rendered":"<p>A Prefeitura de Fortaleza entrega, nesta quinta-feira, dia 11 de abril, 15 ve\u00edculos para dar suporte \u00e0s atividades socioassistenciais na Capital. A nova frota ser\u00e1 distribu\u00edda entre os seis Centros de Refer\u00eancia Especializados de Assist\u00eancia Social (Creas), os N\u00facleos de Cadastro \u00danico do munic\u00edpio e organiza\u00e7\u00f5es sociais prestadoras de servi\u00e7o de assist\u00eancia em Fortaleza.\u00a0 Na quarta-feira, dia 10, os moradores do bairro Manoel S\u00e1tiro foram contemplados com o posto de sa\u00fade Luciano Torres de Melo totalmente requalificado. A entrega&hellip;<\/p>\n","protected":false},"author":1,"featured_media":32292,"comment_status":"open","ping_status":"open","sticky":false,"template":"","format":"standard","meta":{"footnotes":""},"categories":[1],"tags":[],"class_list":["post-32291","post","type-post","status-publish","format-standard","has-post-thumbnail","hentry","category-noticias"],"_links":{"self":[{"href":"https:\/\/blogdorogeriogomes.com.br\/noticias\/wp-json\/wp\/v2\/posts\/32291","targetHints":{"allow":["GET"]}}],"collection":[{"href":"https:\/\/blogdorogeriogomes.com.br\/noticias\/wp-json\/wp\/v2\/posts"}],"about":[{"href":"https:\/\/blogdorogeriogomes.com.br\/noticias\/wp-json\/wp\/v2\/types\/post"}],"author":[{"embeddable":true,"href":"https:\/\/blogdorogeriogomes.com.br\/noticias\/wp-json\/wp\/v2\/users\/1"}],"replies":[{"embeddable":true,"href":"https:\/\/blogdorogeriogomes.com.br\/noticias\/wp-json\/wp\/v2\/comments?post=32291"}],"version-history":[{"count":1,"href":"https:\/\/blogdorogeriogomes.com.br\/noticias\/wp-json\/wp\/v2\/posts\/32291\/revisions"}],"predecessor-version":[{"id":32293,"href":"https:\/\/blogdorogeriogomes.com.br\/noticias\/wp-json\/wp\/v2\/posts\/32291\/revisions\/32293"}],"wp:featuredmedia":[{"embeddable":true,"href":"https:\/\/blogdorogeriogomes.com.br\/noticias\/wp-json\/wp\/v2\/media\/32292"}],"wp:attachment":[{"href":"https:\/\/blogdorogeriogomes.com.br\/noticias\/wp-json\/wp\/v2\/media?parent=32291"}],"wp:term":[{"taxonomy":"category","embeddable":true,"href":"https:\/\/blogdorogeriogomes.com.br\/noticias\/wp-json\/wp\/v2\/categories?post=32291"},{"taxonomy":"post_tag","embeddable":true,"href":"https:\/\/blogdorogeriogomes.com.br\/noticias\/wp-json\/wp\/v2\/tags?post=32291"}],"curies":[{"name":"wp","href":"https:\/\/api.w.org\/{rel}","templated":true}]}}