{"id":32297,"date":"2024-04-12T00:13:22","date_gmt":"2024-04-12T00:13:22","guid":{"rendered":"https:\/\/blogdorogeriogomes.com.br\/noticias\/?p=32297"},"modified":"2024-04-12T00:13:23","modified_gmt":"2024-04-12T00:13:23","slug":"lula-assina-lei-e-mantem-saidinha-de-presos-do-semiaberto-para-visitas-a-familiares","status":"publish","type":"post","link":"https:\/\/blogdorogeriogomes.com.br\/noticias\/2024\/04\/lula-assina-lei-e-mantem-saidinha-de-presos-do-semiaberto-para-visitas-a-familiares\/","title":{"rendered":"Lula assina lei e mant\u00e9m saidinha de presos do semiaberto para visitas a familiares"},"content":{"rendered":"\n<p>O presidente Luiz In\u00e1cio Lula da Silva sancionou, com veto, nesta quinta-feira, dia 11 de abril, o projeto de lei (PL) que acaba com as sa\u00eddas tempor\u00e1rias de presos em feriados e datas comemorativas. O presidente vetou apenas o trecho que impedia a sa\u00edda tempor\u00e1ria para presos que querem visitar suas fam\u00edlias. A saidinha, como \u00e9 conhecido o benef\u00edcio, vale para detentos que j\u00e1 est\u00e3o em regime semiaberto.<\/p>\n\n\n\n<p>Lula manteve a parte do texto que pro\u00edbe a sa\u00edda para condenados por crimes hediondos e violentos, como estupro, homic\u00eddio e tr\u00e1fico de drogas. Pela legisla\u00e7\u00e3o, presos que est\u00e3o no semiaberto, que j\u00e1 cumpriram um sexto do total da pena e que possuem bom comportamento podem deixar pres\u00eddio por cinco dias para visitar a fam\u00edlia em feriados, estudar fora ou participar de atividades de ressocializa\u00e7\u00e3o.<\/p>\n\n\n\n<p>Lideran\u00e7as partid\u00e1rias no Congresso Nacional acreditam que o veto de Lula dever\u00e1 ser derrubado pelos parlamentares.<\/p>\n\n\n\n<figure class=\"wp-block-image size-large\"><img loading=\"lazy\" decoding=\"async\" width=\"1024\" height=\"643\" src=\"https:\/\/blogdorogeriogomes.com.br\/noticias\/wp-content\/uploads\/2024\/04\/IMG-20240411-WA0198-1024x643.jpg\" alt=\"\" class=\"wp-image-32298\" srcset=\"https:\/\/blogdorogeriogomes.com.br\/noticias\/wp-content\/uploads\/2024\/04\/IMG-20240411-WA0198-1024x643.jpg 1024w, https:\/\/blogdorogeriogomes.com.br\/noticias\/wp-content\/uploads\/2024\/04\/IMG-20240411-WA0198-300x188.jpg 300w, https:\/\/blogdorogeriogomes.com.br\/noticias\/wp-content\/uploads\/2024\/04\/IMG-20240411-WA0198-768x482.jpg 768w, https:\/\/blogdorogeriogomes.com.br\/noticias\/wp-content\/uploads\/2024\/04\/IMG-20240411-WA0198-800x502.jpg 800w, https:\/\/blogdorogeriogomes.com.br\/noticias\/wp-content\/uploads\/2024\/04\/IMG-20240411-WA0198-320x202.jpg 320w, https:\/\/blogdorogeriogomes.com.br\/noticias\/wp-content\/uploads\/2024\/04\/IMG-20240411-WA0198-700x441.jpg 700w, https:\/\/blogdorogeriogomes.com.br\/noticias\/wp-content\/uploads\/2024\/04\/IMG-20240411-WA0198.jpg 1080w\" sizes=\"auto, (max-width: 1024px) 100vw, 1024px\" \/><\/figure>\n","protected":false},"excerpt":{"rendered":"<p>O presidente Luiz In\u00e1cio Lula da Silva sancionou, com veto, nesta quinta-feira, dia 11 de abril, o projeto de lei (PL) que acaba com as sa\u00eddas tempor\u00e1rias de presos em feriados e datas comemorativas. O presidente vetou apenas o trecho que impedia a sa\u00edda tempor\u00e1ria para presos que querem visitar suas fam\u00edlias. A saidinha, como \u00e9 conhecido o benef\u00edcio, vale para detentos que j\u00e1 est\u00e3o em regime semiaberto. Lula manteve a parte do texto que pro\u00edbe a sa\u00edda para&hellip;<\/p>\n","protected":false},"author":1,"featured_media":32298,"comment_status":"open","ping_status":"open","sticky":false,"template":"","format":"standard","meta":{"footnotes":""},"categories":[1],"tags":[],"class_list":["post-32297","post","type-post","status-publish","format-standard","has-post-thumbnail","hentry","category-noticias"],"_links":{"self":[{"href":"https:\/\/blogdorogeriogomes.com.br\/noticias\/wp-json\/wp\/v2\/posts\/32297","targetHints":{"allow":["GET"]}}],"collection":[{"href":"https:\/\/blogdorogeriogomes.com.br\/noticias\/wp-json\/wp\/v2\/posts"}],"about":[{"href":"https:\/\/blogdorogeriogomes.com.br\/noticias\/wp-json\/wp\/v2\/types\/post"}],"author":[{"embeddable":true,"href":"https:\/\/blogdorogeriogomes.com.br\/noticias\/wp-json\/wp\/v2\/users\/1"}],"replies":[{"embeddable":true,"href":"https:\/\/blogdorogeriogomes.com.br\/noticias\/wp-json\/wp\/v2\/comments?post=32297"}],"version-history":[{"count":1,"href":"https:\/\/blogdorogeriogomes.com.br\/noticias\/wp-json\/wp\/v2\/posts\/32297\/revisions"}],"predecessor-version":[{"id":32300,"href":"https:\/\/blogdorogeriogomes.com.br\/noticias\/wp-json\/wp\/v2\/posts\/32297\/revisions\/32300"}],"wp:featuredmedia":[{"embeddable":true,"href":"https:\/\/blogdorogeriogomes.com.br\/noticias\/wp-json\/wp\/v2\/media\/32298"}],"wp:attachment":[{"href":"https:\/\/blogdorogeriogomes.com.br\/noticias\/wp-json\/wp\/v2\/media?parent=32297"}],"wp:term":[{"taxonomy":"category","embeddable":true,"href":"https:\/\/blogdorogeriogomes.com.br\/noticias\/wp-json\/wp\/v2\/categories?post=32297"},{"taxonomy":"post_tag","embeddable":true,"href":"https:\/\/blogdorogeriogomes.com.br\/noticias\/wp-json\/wp\/v2\/tags?post=32297"}],"curies":[{"name":"wp","href":"https:\/\/api.w.org\/{rel}","templated":true}]}}