{"id":32304,"date":"2024-04-12T10:07:06","date_gmt":"2024-04-12T10:07:06","guid":{"rendered":"https:\/\/blogdorogeriogomes.com.br\/noticias\/?p=32304"},"modified":"2024-04-12T10:07:07","modified_gmt":"2024-04-12T10:07:07","slug":"pdt-reune-liderancas-na-camara-municipal-de-fortaleza-em-homenagem-a-andre-figueiredo","status":"publish","type":"post","link":"https:\/\/blogdorogeriogomes.com.br\/noticias\/2024\/04\/pdt-reune-liderancas-na-camara-municipal-de-fortaleza-em-homenagem-a-andre-figueiredo\/","title":{"rendered":"PDT re\u00fane lideran\u00e7as na C\u00e2mara Municipal de Fortaleza em homenagem a Andr\u00e9 Figueiredo"},"content":{"rendered":"\n<p>Lideran\u00e7as locais e nacionais participaram nesta quinta-feira, dia 11 de abril, da cerim\u00f4nia de homenagem ao deputado federal Andr\u00e9 Figueiredo (PDT), condecorado com a Medalha Botic\u00e1rio Ferreira, que \u00e9 a maior comenda oferecida pela C\u00e2mara Municipal de Fortaleza. O presidente nacional licenciado do PDT e hoje ministro da Previd\u00eancia do Governo Lula, Carlos Lupi, esteve presente ao evento. Lupi defendeu a reelei\u00e7\u00e3o de Jos\u00e9 Sarto \u00e0 Prefeitura de Fortaleza e garante que n\u00e3o faltar\u00e1 for\u00e7a na campanha.<\/p>\n\n\n\n<p>A presid\u00eancia nacional do PDT est\u00e1 ocupada interinamente por Andr\u00e9 Figueiredo, que avalia que o PDT tem objetivos tra\u00e7ados nas elei\u00e7\u00f5es municipais deste ano. &#8220;O PDT est\u00e1 com treze vereadores com mandato na C\u00e2mara Municipal, est\u00e1 com o prefeito de Fortaleza, com quatro deputados estaduais. Devemos ter candidatos a prefeitos entre 30 a 40 munic\u00edpios, e ao menos a metade, extremamente vi\u00e1veis&#8221;, destacou.<\/p>\n\n\n\n<p>A entrega da medalha a Andr\u00e9 Figueiredo tamb\u00e9m reuniu aliados pol\u00edticos na Capital como o ex-senador Tasso Jereissati (PSDB), o ex-ministro Ciro Gomes (PDT) e o ex-prefeito Roberto Cl\u00e1udio (PDT). <br><\/p>\n\n\n\n<figure class=\"wp-block-image size-full\"><img loading=\"lazy\" decoding=\"async\" width=\"750\" height=\"500\" src=\"https:\/\/blogdorogeriogomes.com.br\/noticias\/wp-content\/uploads\/2024\/04\/1_53647007552_b9e37dbe11_z-26393858.jpg\" alt=\"\" class=\"wp-image-32305\" srcset=\"https:\/\/blogdorogeriogomes.com.br\/noticias\/wp-content\/uploads\/2024\/04\/1_53647007552_b9e37dbe11_z-26393858.jpg 750w, https:\/\/blogdorogeriogomes.com.br\/noticias\/wp-content\/uploads\/2024\/04\/1_53647007552_b9e37dbe11_z-26393858-300x200.jpg 300w\" sizes=\"auto, (max-width: 750px) 100vw, 750px\" \/><\/figure>\n\n\n\n<p><br><\/p>\n\n\n\n<p><br><\/p>\n","protected":false},"excerpt":{"rendered":"<p>Lideran\u00e7as locais e nacionais participaram nesta quinta-feira, dia 11 de abril, da cerim\u00f4nia de homenagem ao deputado federal Andr\u00e9 Figueiredo (PDT), condecorado com a Medalha Botic\u00e1rio Ferreira, que \u00e9 a maior comenda oferecida pela C\u00e2mara Municipal de Fortaleza. O presidente nacional licenciado do PDT e hoje ministro da Previd\u00eancia do Governo Lula, Carlos Lupi, esteve presente ao evento. Lupi defendeu a reelei\u00e7\u00e3o de Jos\u00e9 Sarto \u00e0 Prefeitura de Fortaleza e garante que n\u00e3o faltar\u00e1 for\u00e7a na campanha. A presid\u00eancia&hellip;<\/p>\n","protected":false},"author":1,"featured_media":32305,"comment_status":"open","ping_status":"open","sticky":false,"template":"","format":"standard","meta":{"footnotes":""},"categories":[1],"tags":[],"class_list":["post-32304","post","type-post","status-publish","format-standard","has-post-thumbnail","hentry","category-noticias"],"_links":{"self":[{"href":"https:\/\/blogdorogeriogomes.com.br\/noticias\/wp-json\/wp\/v2\/posts\/32304","targetHints":{"allow":["GET"]}}],"collection":[{"href":"https:\/\/blogdorogeriogomes.com.br\/noticias\/wp-json\/wp\/v2\/posts"}],"about":[{"href":"https:\/\/blogdorogeriogomes.com.br\/noticias\/wp-json\/wp\/v2\/types\/post"}],"author":[{"embeddable":true,"href":"https:\/\/blogdorogeriogomes.com.br\/noticias\/wp-json\/wp\/v2\/users\/1"}],"replies":[{"embeddable":true,"href":"https:\/\/blogdorogeriogomes.com.br\/noticias\/wp-json\/wp\/v2\/comments?post=32304"}],"version-history":[{"count":1,"href":"https:\/\/blogdorogeriogomes.com.br\/noticias\/wp-json\/wp\/v2\/posts\/32304\/revisions"}],"predecessor-version":[{"id":32306,"href":"https:\/\/blogdorogeriogomes.com.br\/noticias\/wp-json\/wp\/v2\/posts\/32304\/revisions\/32306"}],"wp:featuredmedia":[{"embeddable":true,"href":"https:\/\/blogdorogeriogomes.com.br\/noticias\/wp-json\/wp\/v2\/media\/32305"}],"wp:attachment":[{"href":"https:\/\/blogdorogeriogomes.com.br\/noticias\/wp-json\/wp\/v2\/media?parent=32304"}],"wp:term":[{"taxonomy":"category","embeddable":true,"href":"https:\/\/blogdorogeriogomes.com.br\/noticias\/wp-json\/wp\/v2\/categories?post=32304"},{"taxonomy":"post_tag","embeddable":true,"href":"https:\/\/blogdorogeriogomes.com.br\/noticias\/wp-json\/wp\/v2\/tags?post=32304"}],"curies":[{"name":"wp","href":"https:\/\/api.w.org\/{rel}","templated":true}]}}