{"id":32307,"date":"2024-04-12T10:28:38","date_gmt":"2024-04-12T10:28:38","guid":{"rendered":"https:\/\/blogdorogeriogomes.com.br\/noticias\/?p=32307"},"modified":"2024-04-12T10:28:38","modified_gmt":"2024-04-12T10:28:38","slug":"prefeitura-da-capital-entrega-bolsas-de-incentivo-a-mais-de-cinco-mil-jovens-e-requalificacao-da-lagoa-de-messejana","status":"publish","type":"post","link":"https:\/\/blogdorogeriogomes.com.br\/noticias\/2024\/04\/prefeitura-da-capital-entrega-bolsas-de-incentivo-a-mais-de-cinco-mil-jovens-e-requalificacao-da-lagoa-de-messejana\/","title":{"rendered":"Prefeitura da Capital entrega bolsas de incentivo a mais de cinco mil jovens e requalifica\u00e7\u00e3o da Lagoa de Messejana"},"content":{"rendered":"\n<p>A Prefeitura de Fortaleza entrega, nesta sexta-feira, dia 12 de abril, as obras de requalifica\u00e7\u00e3o da Lagoa da Messejana e est\u00e1tua da \u00edndia Iracema, como parte da programa\u00e7\u00e3o de anivers\u00e1rio de 298 anos da Capital. O projeto foi respons\u00e1vel pela urbaniza\u00e7\u00e3o em todo o entorno da lagoa, com a reforma nos passeios, nos equipamentos esportivos e \u00e1reas de lazer, al\u00e9m da recupera\u00e7\u00e3o do antigo p\u00eder em madeira.<\/p>\n\n\n\n<p>Tamb\u00e9m, nesta sexta-feira, no Cuca do Jos\u00e9 Walter, o prefeito Jos\u00e9 Sarto faz a entrega oficial de 5.280 bolsas de programas voltados para jovens e atletas da Capital. Na ocasi\u00e3o, o prefeito Jos\u00e9 Sarto far\u00e1 a entrega simb\u00f3lica dos kits dos bolsistas. <\/p>\n\n\n\n<p>Com um investimento total de mais de R$ 20 milh\u00f5es, as bolsas s\u00e3o ofertadas para jovens e atletas de Fortaleza por meio de programas das Secretarias Municipais da Juventude (Sejuv), Esporte e Lazer (Secel) e Urbanismo e Meio Ambiente (Seuma). S\u00e3o eles: Bolsa Jovem (3.500), Programa Futuros da Rede Cuca (400), Bolsa Esporte (1.230), Juventude no Parque (120) e Rede Juv (30).<\/p>\n\n\n\n<figure class=\"wp-block-image size-large\"><img loading=\"lazy\" decoding=\"async\" width=\"1024\" height=\"602\" src=\"https:\/\/blogdorogeriogomes.com.br\/noticias\/wp-content\/uploads\/2024\/04\/11-04-2024-Messejana-2Z3A0866-1024x602.jpeg\" alt=\"\" class=\"wp-image-32308\" srcset=\"https:\/\/blogdorogeriogomes.com.br\/noticias\/wp-content\/uploads\/2024\/04\/11-04-2024-Messejana-2Z3A0866-1024x602.jpeg 1024w, https:\/\/blogdorogeriogomes.com.br\/noticias\/wp-content\/uploads\/2024\/04\/11-04-2024-Messejana-2Z3A0866-300x176.jpeg 300w, https:\/\/blogdorogeriogomes.com.br\/noticias\/wp-content\/uploads\/2024\/04\/11-04-2024-Messejana-2Z3A0866-768x451.jpeg 768w, https:\/\/blogdorogeriogomes.com.br\/noticias\/wp-content\/uploads\/2024\/04\/11-04-2024-Messejana-2Z3A0866-800x470.jpeg 800w, https:\/\/blogdorogeriogomes.com.br\/noticias\/wp-content\/uploads\/2024\/04\/11-04-2024-Messejana-2Z3A0866.jpeg 1280w\" sizes=\"auto, (max-width: 1024px) 100vw, 1024px\" \/><\/figure>\n","protected":false},"excerpt":{"rendered":"<p>A Prefeitura de Fortaleza entrega, nesta sexta-feira, dia 12 de abril, as obras de requalifica\u00e7\u00e3o da Lagoa da Messejana e est\u00e1tua da \u00edndia Iracema, como parte da programa\u00e7\u00e3o de anivers\u00e1rio de 298 anos da Capital. O projeto foi respons\u00e1vel pela urbaniza\u00e7\u00e3o em todo o entorno da lagoa, com a reforma nos passeios, nos equipamentos esportivos e \u00e1reas de lazer, al\u00e9m da recupera\u00e7\u00e3o do antigo p\u00eder em madeira. Tamb\u00e9m, nesta sexta-feira, no Cuca do Jos\u00e9 Walter, o prefeito Jos\u00e9 Sarto&hellip;<\/p>\n","protected":false},"author":1,"featured_media":32309,"comment_status":"open","ping_status":"open","sticky":false,"template":"","format":"standard","meta":{"footnotes":""},"categories":[1],"tags":[],"class_list":["post-32307","post","type-post","status-publish","format-standard","has-post-thumbnail","hentry","category-noticias"],"_links":{"self":[{"href":"https:\/\/blogdorogeriogomes.com.br\/noticias\/wp-json\/wp\/v2\/posts\/32307","targetHints":{"allow":["GET"]}}],"collection":[{"href":"https:\/\/blogdorogeriogomes.com.br\/noticias\/wp-json\/wp\/v2\/posts"}],"about":[{"href":"https:\/\/blogdorogeriogomes.com.br\/noticias\/wp-json\/wp\/v2\/types\/post"}],"author":[{"embeddable":true,"href":"https:\/\/blogdorogeriogomes.com.br\/noticias\/wp-json\/wp\/v2\/users\/1"}],"replies":[{"embeddable":true,"href":"https:\/\/blogdorogeriogomes.com.br\/noticias\/wp-json\/wp\/v2\/comments?post=32307"}],"version-history":[{"count":1,"href":"https:\/\/blogdorogeriogomes.com.br\/noticias\/wp-json\/wp\/v2\/posts\/32307\/revisions"}],"predecessor-version":[{"id":32310,"href":"https:\/\/blogdorogeriogomes.com.br\/noticias\/wp-json\/wp\/v2\/posts\/32307\/revisions\/32310"}],"wp:featuredmedia":[{"embeddable":true,"href":"https:\/\/blogdorogeriogomes.com.br\/noticias\/wp-json\/wp\/v2\/media\/32309"}],"wp:attachment":[{"href":"https:\/\/blogdorogeriogomes.com.br\/noticias\/wp-json\/wp\/v2\/media?parent=32307"}],"wp:term":[{"taxonomy":"category","embeddable":true,"href":"https:\/\/blogdorogeriogomes.com.br\/noticias\/wp-json\/wp\/v2\/categories?post=32307"},{"taxonomy":"post_tag","embeddable":true,"href":"https:\/\/blogdorogeriogomes.com.br\/noticias\/wp-json\/wp\/v2\/tags?post=32307"}],"curies":[{"name":"wp","href":"https:\/\/api.w.org\/{rel}","templated":true}]}}