{"id":32318,"date":"2024-04-13T12:12:04","date_gmt":"2024-04-13T12:12:04","guid":{"rendered":"https:\/\/blogdorogeriogomes.com.br\/noticias\/?p=32318"},"modified":"2024-04-13T12:12:28","modified_gmt":"2024-04-13T12:12:28","slug":"expocrato-2024-define-atracoes-evento-acontece-em-julho-com-novo-formato-no-cariri","status":"publish","type":"post","link":"https:\/\/blogdorogeriogomes.com.br\/noticias\/2024\/04\/expocrato-2024-define-atracoes-evento-acontece-em-julho-com-novo-formato-no-cariri\/","title":{"rendered":"Expocrato 2024 define atra\u00e7\u00f5es. Evento acontece em julho com novo formato no Cariri"},"content":{"rendered":"\n<p>A Expocrato 2024 est\u00e1 com data definida e tamb\u00e9m com atra\u00e7\u00f5es art\u00edsticas confirmadas. O lan\u00e7amento aconteceu nesta sexta-feira, dia 12 de abril, com apresenta\u00e7\u00f5es de v\u00e1rios artistas no Crato, na Regi\u00e3o do Cariri. Com 56 bandas e mais de 70 horas de shows, a Expocrato 2024 vai ocorrer dos dias 13 a 21 de julho, no Parque de Exposi\u00e7\u00f5es Pedro Fel\u00edcio Cavalcante.<\/p>\n\n\n\n<p>A novidade este ano \u00e9 que a festa vai ganhar uma \u00e1rea \u00e1rea totalmente gratuita, acess\u00edvel aos mais diversos p\u00fablicos. Todas as noites, com exce\u00e7\u00e3o da segunda-feira, dia 15 de julho, haver\u00e1 shows no Parque.<\/p>\n\n\n\n<p>Confira as atra\u00e7\u00f5es:<\/p>\n\n\n\n<p><br>S\u00c1BADO, 13 DE JULHO<\/p>\n\n\n\n<p>Gusttavo Lima<br>Mari Fernandez<br>Calcinha Preta<br>Lim\u00e3o com Mel<br>Luis Fidelis<br>Raphael Belo Xote<br>Forr\u00f3 Saborear<\/p>\n\n\n\n<p><br>DOMINGO, 14 DE JULHO<\/p>\n\n\n\n<p>Matu\u00ea<br>Poze do Rodo<br>Wiu<br>Teto<br>Felipe Ret<br>Lennon 7<br>Cabelinho<br>Rogerinho<br>Belo Samba<br>Pepito<br>Henrique Cantor<\/p>\n\n\n\n<p><br>TER\u00c7A-FEIRA, 16 DE JULHO<\/p>\n\n\n\n<p>Pablo<br>Manu Batid\u00e3o<br>Nadson Ferinha<br>Heitor Costa<br>Vitor Fernandes<br>Luan Rocha<br>Marcelo Namorador<\/p>\n\n\n\n<p><br>QUARTA-FEIRA, 17 DE JULHO<\/p>\n\n\n\n<p>L\u00e9o Santana<br>Ana Castela<br>Iguinho e Lulinha<br>Eric Land<br>Toca do Vale<br>Forr\u00f3 do Movimento<br>Davi Barros<\/p>\n\n\n\n<p><br>QUINTA-FEIRA, 18 DE JULHO<\/p>\n\n\n\n<p>Vitor e L\u00e9o<br>Henry Freitas<br>Pedro Sampaio<br>Tarcisio do Acordeon<br>Gustavo Mioto<br>Raphael Alencar<br>Diego Fac\u00f3<\/p>\n\n\n\n<p>SEXTA-FEIRA, 19 DE JULHO<\/p>\n\n\n\n<p>Nattan<br>Henrique e Juliano<br>Z\u00e9 Vaqueiro<br>Avine Vinny<br>Caninana<br>Guto Sobreira<br>Isaias Americo<\/p>\n\n\n\n<p><br>S\u00c1BADO, 20 DE JULHO<\/p>\n\n\n\n<p>Xand<br>Simone<br>Felipe Amorim<br>Jonas Esticado<br>Matheus Fernandes<br>Diogo Duarte<br>Natan Alves<\/p>\n\n\n\n<p><br>DOMINGO, 21 DE JULHO<\/p>\n\n\n\n<p>Luan Santana<br>Ludmilla<br>Dennis DJ<br>Jo\u00e3o Gomes<br>Belo<br>F\u00e1bio Carneirinho<br>Pollyana Tavares<\/p>\n\n\n\n<figure class=\"wp-block-image size-full\"><img loading=\"lazy\" decoding=\"async\" width=\"678\" height=\"452\" src=\"https:\/\/blogdorogeriogomes.com.br\/noticias\/wp-content\/uploads\/2024\/04\/images-66.jpeg\" alt=\"\" class=\"wp-image-32319\" srcset=\"https:\/\/blogdorogeriogomes.com.br\/noticias\/wp-content\/uploads\/2024\/04\/images-66.jpeg 678w, https:\/\/blogdorogeriogomes.com.br\/noticias\/wp-content\/uploads\/2024\/04\/images-66-300x200.jpeg 300w\" sizes=\"auto, (max-width: 678px) 100vw, 678px\" \/><\/figure>\n","protected":false},"excerpt":{"rendered":"<p>A Expocrato 2024 est\u00e1 com data definida e tamb\u00e9m com atra\u00e7\u00f5es art\u00edsticas confirmadas. O lan\u00e7amento aconteceu nesta sexta-feira, dia 12 de abril, com apresenta\u00e7\u00f5es de v\u00e1rios artistas no Crato, na Regi\u00e3o do Cariri. Com 56 bandas e mais de 70 horas de shows, a Expocrato 2024 vai ocorrer dos dias 13 a 21 de julho, no Parque de Exposi\u00e7\u00f5es Pedro Fel\u00edcio Cavalcante. A novidade este ano \u00e9 que a festa vai ganhar uma \u00e1rea \u00e1rea totalmente gratuita, acess\u00edvel aos&hellip;<\/p>\n","protected":false},"author":1,"featured_media":32319,"comment_status":"open","ping_status":"open","sticky":false,"template":"","format":"standard","meta":{"footnotes":""},"categories":[1],"tags":[],"class_list":["post-32318","post","type-post","status-publish","format-standard","has-post-thumbnail","hentry","category-noticias"],"_links":{"self":[{"href":"https:\/\/blogdorogeriogomes.com.br\/noticias\/wp-json\/wp\/v2\/posts\/32318","targetHints":{"allow":["GET"]}}],"collection":[{"href":"https:\/\/blogdorogeriogomes.com.br\/noticias\/wp-json\/wp\/v2\/posts"}],"about":[{"href":"https:\/\/blogdorogeriogomes.com.br\/noticias\/wp-json\/wp\/v2\/types\/post"}],"author":[{"embeddable":true,"href":"https:\/\/blogdorogeriogomes.com.br\/noticias\/wp-json\/wp\/v2\/users\/1"}],"replies":[{"embeddable":true,"href":"https:\/\/blogdorogeriogomes.com.br\/noticias\/wp-json\/wp\/v2\/comments?post=32318"}],"version-history":[{"count":1,"href":"https:\/\/blogdorogeriogomes.com.br\/noticias\/wp-json\/wp\/v2\/posts\/32318\/revisions"}],"predecessor-version":[{"id":32321,"href":"https:\/\/blogdorogeriogomes.com.br\/noticias\/wp-json\/wp\/v2\/posts\/32318\/revisions\/32321"}],"wp:featuredmedia":[{"embeddable":true,"href":"https:\/\/blogdorogeriogomes.com.br\/noticias\/wp-json\/wp\/v2\/media\/32319"}],"wp:attachment":[{"href":"https:\/\/blogdorogeriogomes.com.br\/noticias\/wp-json\/wp\/v2\/media?parent=32318"}],"wp:term":[{"taxonomy":"category","embeddable":true,"href":"https:\/\/blogdorogeriogomes.com.br\/noticias\/wp-json\/wp\/v2\/categories?post=32318"},{"taxonomy":"post_tag","embeddable":true,"href":"https:\/\/blogdorogeriogomes.com.br\/noticias\/wp-json\/wp\/v2\/tags?post=32318"}],"curies":[{"name":"wp","href":"https:\/\/api.w.org\/{rel}","templated":true}]}}