{"id":32322,"date":"2024-04-13T12:36:44","date_gmt":"2024-04-13T12:36:44","guid":{"rendered":"https:\/\/blogdorogeriogomes.com.br\/noticias\/?p=32322"},"modified":"2024-04-13T12:36:44","modified_gmt":"2024-04-13T12:36:44","slug":"fortaleza-comemora-298-anos-com-shows-de-preta-gil-e-vanessa-da-mata-na-praia-de-iracema","status":"publish","type":"post","link":"https:\/\/blogdorogeriogomes.com.br\/noticias\/2024\/04\/fortaleza-comemora-298-anos-com-shows-de-preta-gil-e-vanessa-da-mata-na-praia-de-iracema\/","title":{"rendered":"Fortaleza comemora 298 anos com shows de Preta Gil e Vanessa da Mata na Praia de Iracema"},"content":{"rendered":"\n<p>Em comemora\u00e7\u00e3o aos 298 anos de Fortaleza, o Aterrinho da Praia de Iracema ser\u00e1 palco de atra\u00e7\u00f5es neste s\u00e1bado, dia 13 de abril. As cantoras Preta Gil e Vanessa da Mata\u00a0se apresentam para cantar seus sucessos.<\/p>\n\n\n\n<p>Tamb\u00e9m se apresentam a banda Borogod\u00f3, que surgiu em 2010 e \u00e9 formada por um grupo de amigas de Fortaleza, e o grupo Essas Mulheres. Este \u00faltimo vai do samba ao brega e reverencia o protagonismo feminino na m\u00fasica.<\/p>\n\n\n\n<p>A Prefeitura elaborou um plano operacional envolvendo transporte p\u00fablico, seguran\u00e7a, fiscaliza\u00e7\u00e3o, ilumina\u00e7\u00e3o, limpeza, sa\u00fade, entre outros. A festa acontece a partir das 18h no Aterrinho de Praia de Iracema.<\/p>\n\n\n\n<p>A Autarquia Municipal de Tr\u00e2nsito e Cidadania (AMC) realizar\u00e1 uma opera\u00e7\u00e3o especial com a presen\u00e7a de 40 agentes e orientadores de tr\u00e1fego. A Empresa de Transporte Urbano de Fortaleza (Etufor) planeja a opera\u00e7\u00e3o de transporte para o evento no aterro da Praia de Iracema com a oferta de 17 linhas no entorno, contando com refor\u00e7o de 15 ve\u00edculos reserva.<\/p>\n\n\n\n<figure class=\"wp-block-image size-full\"><img loading=\"lazy\" decoding=\"async\" width=\"600\" height=\"338\" src=\"https:\/\/blogdorogeriogomes.com.br\/noticias\/wp-content\/uploads\/2024\/04\/preta-gil-vanessa.jpg\" alt=\"\" class=\"wp-image-32323\" srcset=\"https:\/\/blogdorogeriogomes.com.br\/noticias\/wp-content\/uploads\/2024\/04\/preta-gil-vanessa.jpg 600w, https:\/\/blogdorogeriogomes.com.br\/noticias\/wp-content\/uploads\/2024\/04\/preta-gil-vanessa-300x169.jpg 300w\" sizes=\"auto, (max-width: 600px) 100vw, 600px\" \/><\/figure>\n","protected":false},"excerpt":{"rendered":"<p>Em comemora\u00e7\u00e3o aos 298 anos de Fortaleza, o Aterrinho da Praia de Iracema ser\u00e1 palco de atra\u00e7\u00f5es neste s\u00e1bado, dia 13 de abril. As cantoras Preta Gil e Vanessa da Mata\u00a0se apresentam para cantar seus sucessos. Tamb\u00e9m se apresentam a banda Borogod\u00f3, que surgiu em 2010 e \u00e9 formada por um grupo de amigas de Fortaleza, e o grupo Essas Mulheres. Este \u00faltimo vai do samba ao brega e reverencia o protagonismo feminino na m\u00fasica. A Prefeitura elaborou um&hellip;<\/p>\n","protected":false},"author":1,"featured_media":32323,"comment_status":"open","ping_status":"open","sticky":false,"template":"","format":"standard","meta":{"footnotes":""},"categories":[1],"tags":[],"class_list":["post-32322","post","type-post","status-publish","format-standard","has-post-thumbnail","hentry","category-noticias"],"_links":{"self":[{"href":"https:\/\/blogdorogeriogomes.com.br\/noticias\/wp-json\/wp\/v2\/posts\/32322","targetHints":{"allow":["GET"]}}],"collection":[{"href":"https:\/\/blogdorogeriogomes.com.br\/noticias\/wp-json\/wp\/v2\/posts"}],"about":[{"href":"https:\/\/blogdorogeriogomes.com.br\/noticias\/wp-json\/wp\/v2\/types\/post"}],"author":[{"embeddable":true,"href":"https:\/\/blogdorogeriogomes.com.br\/noticias\/wp-json\/wp\/v2\/users\/1"}],"replies":[{"embeddable":true,"href":"https:\/\/blogdorogeriogomes.com.br\/noticias\/wp-json\/wp\/v2\/comments?post=32322"}],"version-history":[{"count":1,"href":"https:\/\/blogdorogeriogomes.com.br\/noticias\/wp-json\/wp\/v2\/posts\/32322\/revisions"}],"predecessor-version":[{"id":32324,"href":"https:\/\/blogdorogeriogomes.com.br\/noticias\/wp-json\/wp\/v2\/posts\/32322\/revisions\/32324"}],"wp:featuredmedia":[{"embeddable":true,"href":"https:\/\/blogdorogeriogomes.com.br\/noticias\/wp-json\/wp\/v2\/media\/32323"}],"wp:attachment":[{"href":"https:\/\/blogdorogeriogomes.com.br\/noticias\/wp-json\/wp\/v2\/media?parent=32322"}],"wp:term":[{"taxonomy":"category","embeddable":true,"href":"https:\/\/blogdorogeriogomes.com.br\/noticias\/wp-json\/wp\/v2\/categories?post=32322"},{"taxonomy":"post_tag","embeddable":true,"href":"https:\/\/blogdorogeriogomes.com.br\/noticias\/wp-json\/wp\/v2\/tags?post=32322"}],"curies":[{"name":"wp","href":"https:\/\/api.w.org\/{rel}","templated":true}]}}