{"id":32338,"date":"2024-04-16T00:25:17","date_gmt":"2024-04-16T00:25:17","guid":{"rendered":"https:\/\/blogdorogeriogomes.com.br\/noticias\/?p=32338"},"modified":"2024-04-16T00:25:17","modified_gmt":"2024-04-16T00:25:17","slug":"governador-elmano-de-freitas-assina-projeto-de-lei-que-institui-programa-de-casa-propria-no-ceara","status":"publish","type":"post","link":"https:\/\/blogdorogeriogomes.com.br\/noticias\/2024\/04\/governador-elmano-de-freitas-assina-projeto-de-lei-que-institui-programa-de-casa-propria-no-ceara\/","title":{"rendered":"Governador Elmano de Freitas assina projeto de lei que institui programa de casa pr\u00f3pria no Cear\u00e1"},"content":{"rendered":"\n<p>O governador do Cear\u00e1, Elmano de Freitas (PT), assinou nesta segunda-feira, dia 15 de abril, o projeto de lei que institui o programa de acesso \u00e0 moradia, &#8220;Entrada Habita\u00e7\u00e3o Cear\u00e1&#8221;. O documento foi enviado para vota\u00e7\u00e3o na Assembleia Legislativa (Alece).<\/p>\n\n\n\n<p>O programa \u00e9 destinado para cearenses com renda familiar mensal de at\u00e9 R$ 4.400, p\u00fablico contemplado nas faixas 1 e 2 do &#8220;Minha Casa, Minha Vida&#8221;, que desejam comprar a casa pr\u00f3pria no Estado.<\/p>\n\n\n\n<p>Com o projeto, os cidad\u00e3os poder\u00e3o ter acesso ao subs\u00eddio do governo estadual de mais de R$ 20 mil, al\u00e9m do aporte do governo federal pelo &#8220;Minha Casa, Minha Vida&#8221;.<\/p>\n\n\n\n<figure class=\"wp-block-image size-full\"><img loading=\"lazy\" decoding=\"async\" width=\"677\" height=\"453\" src=\"https:\/\/blogdorogeriogomes.com.br\/noticias\/wp-content\/uploads\/2024\/04\/images-70.jpeg\" alt=\"\" class=\"wp-image-32339\" srcset=\"https:\/\/blogdorogeriogomes.com.br\/noticias\/wp-content\/uploads\/2024\/04\/images-70.jpeg 677w, https:\/\/blogdorogeriogomes.com.br\/noticias\/wp-content\/uploads\/2024\/04\/images-70-300x201.jpeg 300w\" sizes=\"auto, (max-width: 677px) 100vw, 677px\" \/><\/figure>\n","protected":false},"excerpt":{"rendered":"<p>O governador do Cear\u00e1, Elmano de Freitas (PT), assinou nesta segunda-feira, dia 15 de abril, o projeto de lei que institui o programa de acesso \u00e0 moradia, &#8220;Entrada Habita\u00e7\u00e3o Cear\u00e1&#8221;. O documento foi enviado para vota\u00e7\u00e3o na Assembleia Legislativa (Alece). O programa \u00e9 destinado para cearenses com renda familiar mensal de at\u00e9 R$ 4.400, p\u00fablico contemplado nas faixas 1 e 2 do &#8220;Minha Casa, Minha Vida&#8221;, que desejam comprar a casa pr\u00f3pria no Estado. Com o projeto, os cidad\u00e3os&hellip;<\/p>\n","protected":false},"author":1,"featured_media":32339,"comment_status":"open","ping_status":"open","sticky":false,"template":"","format":"standard","meta":{"footnotes":""},"categories":[1],"tags":[],"class_list":["post-32338","post","type-post","status-publish","format-standard","has-post-thumbnail","hentry","category-noticias"],"_links":{"self":[{"href":"https:\/\/blogdorogeriogomes.com.br\/noticias\/wp-json\/wp\/v2\/posts\/32338","targetHints":{"allow":["GET"]}}],"collection":[{"href":"https:\/\/blogdorogeriogomes.com.br\/noticias\/wp-json\/wp\/v2\/posts"}],"about":[{"href":"https:\/\/blogdorogeriogomes.com.br\/noticias\/wp-json\/wp\/v2\/types\/post"}],"author":[{"embeddable":true,"href":"https:\/\/blogdorogeriogomes.com.br\/noticias\/wp-json\/wp\/v2\/users\/1"}],"replies":[{"embeddable":true,"href":"https:\/\/blogdorogeriogomes.com.br\/noticias\/wp-json\/wp\/v2\/comments?post=32338"}],"version-history":[{"count":1,"href":"https:\/\/blogdorogeriogomes.com.br\/noticias\/wp-json\/wp\/v2\/posts\/32338\/revisions"}],"predecessor-version":[{"id":32340,"href":"https:\/\/blogdorogeriogomes.com.br\/noticias\/wp-json\/wp\/v2\/posts\/32338\/revisions\/32340"}],"wp:featuredmedia":[{"embeddable":true,"href":"https:\/\/blogdorogeriogomes.com.br\/noticias\/wp-json\/wp\/v2\/media\/32339"}],"wp:attachment":[{"href":"https:\/\/blogdorogeriogomes.com.br\/noticias\/wp-json\/wp\/v2\/media?parent=32338"}],"wp:term":[{"taxonomy":"category","embeddable":true,"href":"https:\/\/blogdorogeriogomes.com.br\/noticias\/wp-json\/wp\/v2\/categories?post=32338"},{"taxonomy":"post_tag","embeddable":true,"href":"https:\/\/blogdorogeriogomes.com.br\/noticias\/wp-json\/wp\/v2\/tags?post=32338"}],"curies":[{"name":"wp","href":"https:\/\/api.w.org\/{rel}","templated":true}]}}