{"id":32341,"date":"2024-04-16T00:30:24","date_gmt":"2024-04-16T00:30:24","guid":{"rendered":"https:\/\/blogdorogeriogomes.com.br\/noticias\/?p=32341"},"modified":"2024-04-16T00:30:24","modified_gmt":"2024-04-16T00:30:24","slug":"tribunal-eleitoral-do-ceara-decide-pela-cassacao-do-diploma-do-ex-deputado-federal-heitor-freire","status":"publish","type":"post","link":"https:\/\/blogdorogeriogomes.com.br\/noticias\/2024\/04\/tribunal-eleitoral-do-ceara-decide-pela-cassacao-do-diploma-do-ex-deputado-federal-heitor-freire\/","title":{"rendered":"Tribunal Eleitoral do Cear\u00e1 decide pela cassa\u00e7\u00e3o do diploma do ex-deputado federal Heitor Freire"},"content":{"rendered":"\n<p>O Plen\u00e1rio do Tribunal Regional Eleitoral do Cear\u00e1 (TRE-CE) julgou, por unanimidade, como procedente uma a\u00e7\u00e3o da Procuradoria Regional Eleitoral e decidiu, nesta segunda-feira, dia 15 de abril, pela cassa\u00e7\u00e3o do diploma do ex-deputado federal Heitor Freire (Uni\u00e3o), que foi candidato a uma cadeira na C\u00e2mara dos Deputados em 2022.<\/p>\n\n\n\n<p>Freire ocupa uma posi\u00e7\u00e3o como suplente no Parlamento e foi nomeado como titular da Diretoria de Gest\u00e3o de Fundos, Incentivos e Atra\u00e7\u00e3o de Investimentos da Superintend\u00eancia do Desenvolvimento do Nordeste (Sudene) em maio do ano passado.<\/p>\n\n\n\n<figure class=\"wp-block-image size-full\"><img loading=\"lazy\" decoding=\"async\" width=\"480\" height=\"270\" src=\"https:\/\/blogdorogeriogomes.com.br\/noticias\/wp-content\/uploads\/2024\/04\/204548.jpg\" alt=\"\" class=\"wp-image-32342\" srcset=\"https:\/\/blogdorogeriogomes.com.br\/noticias\/wp-content\/uploads\/2024\/04\/204548.jpg 480w, https:\/\/blogdorogeriogomes.com.br\/noticias\/wp-content\/uploads\/2024\/04\/204548-300x169.jpg 300w\" sizes=\"auto, (max-width: 480px) 100vw, 480px\" \/><\/figure>\n","protected":false},"excerpt":{"rendered":"<p>O Plen\u00e1rio do Tribunal Regional Eleitoral do Cear\u00e1 (TRE-CE) julgou, por unanimidade, como procedente uma a\u00e7\u00e3o da Procuradoria Regional Eleitoral e decidiu, nesta segunda-feira, dia 15 de abril, pela cassa\u00e7\u00e3o do diploma do ex-deputado federal Heitor Freire (Uni\u00e3o), que foi candidato a uma cadeira na C\u00e2mara dos Deputados em 2022. Freire ocupa uma posi\u00e7\u00e3o como suplente no Parlamento e foi nomeado como titular da Diretoria de Gest\u00e3o de Fundos, Incentivos e Atra\u00e7\u00e3o de Investimentos da Superintend\u00eancia do Desenvolvimento do&hellip;<\/p>\n","protected":false},"author":1,"featured_media":32342,"comment_status":"open","ping_status":"open","sticky":false,"template":"","format":"standard","meta":{"footnotes":""},"categories":[1],"tags":[],"class_list":["post-32341","post","type-post","status-publish","format-standard","has-post-thumbnail","hentry","category-noticias"],"_links":{"self":[{"href":"https:\/\/blogdorogeriogomes.com.br\/noticias\/wp-json\/wp\/v2\/posts\/32341","targetHints":{"allow":["GET"]}}],"collection":[{"href":"https:\/\/blogdorogeriogomes.com.br\/noticias\/wp-json\/wp\/v2\/posts"}],"about":[{"href":"https:\/\/blogdorogeriogomes.com.br\/noticias\/wp-json\/wp\/v2\/types\/post"}],"author":[{"embeddable":true,"href":"https:\/\/blogdorogeriogomes.com.br\/noticias\/wp-json\/wp\/v2\/users\/1"}],"replies":[{"embeddable":true,"href":"https:\/\/blogdorogeriogomes.com.br\/noticias\/wp-json\/wp\/v2\/comments?post=32341"}],"version-history":[{"count":1,"href":"https:\/\/blogdorogeriogomes.com.br\/noticias\/wp-json\/wp\/v2\/posts\/32341\/revisions"}],"predecessor-version":[{"id":32343,"href":"https:\/\/blogdorogeriogomes.com.br\/noticias\/wp-json\/wp\/v2\/posts\/32341\/revisions\/32343"}],"wp:featuredmedia":[{"embeddable":true,"href":"https:\/\/blogdorogeriogomes.com.br\/noticias\/wp-json\/wp\/v2\/media\/32342"}],"wp:attachment":[{"href":"https:\/\/blogdorogeriogomes.com.br\/noticias\/wp-json\/wp\/v2\/media?parent=32341"}],"wp:term":[{"taxonomy":"category","embeddable":true,"href":"https:\/\/blogdorogeriogomes.com.br\/noticias\/wp-json\/wp\/v2\/categories?post=32341"},{"taxonomy":"post_tag","embeddable":true,"href":"https:\/\/blogdorogeriogomes.com.br\/noticias\/wp-json\/wp\/v2\/tags?post=32341"}],"curies":[{"name":"wp","href":"https:\/\/api.w.org\/{rel}","templated":true}]}}