{"id":32344,"date":"2024-04-16T00:42:39","date_gmt":"2024-04-16T00:42:39","guid":{"rendered":"https:\/\/blogdorogeriogomes.com.br\/noticias\/?p=32344"},"modified":"2024-04-16T00:42:39","modified_gmt":"2024-04-16T00:42:39","slug":"presidente-lula-lanca-programa-de-incentivo-a-reforma-agraria-em-meio-a-ocupacoes-do-mst","status":"publish","type":"post","link":"https:\/\/blogdorogeriogomes.com.br\/noticias\/2024\/04\/presidente-lula-lanca-programa-de-incentivo-a-reforma-agraria-em-meio-a-ocupacoes-do-mst\/","title":{"rendered":"Presidente Lula lan\u00e7a programa de incentivo \u00e0 reforma agr\u00e1ria\u00a0em meio a ocupa\u00e7\u00f5es do MST"},"content":{"rendered":"\n<p>O presidente Luiz In\u00e1cio Lula da Silva afirmou nesta segunda-feira, dia 15 de abril, no lan\u00e7amento do programa Terra da Gente, que as novas iniciativas do governo federal no sentido de incentivar a reforma agr\u00e1ria n\u00e3o devem invalidar a luta dos camponeses.<\/p>\n\n\n\n<p>O programa &#8220;Terra da Gente&#8221; estabelece um cat\u00e1logo de terras dispon\u00edveis no pa\u00eds para o assentamento de fam\u00edlias interessadas em viver e trabalhar no campo. Essa iniciativa, al\u00e9m de assegurar um direito constitucional, promove a inclus\u00e3o produtiva, contribui para a resolu\u00e7\u00e3o de conflitos agr\u00e1rios e potencializa a produ\u00e7\u00e3o de alimentos.\u00a0<\/p>\n\n\n\n<p>A meta \u00e9 beneficiar 294 mil fam\u00edlias at\u00e9 2026, sendo 74 mil assentadas e 221 mil reconhecidas ou regularizadas em lotes de assentamentos existentes.<\/p>\n\n\n\n<figure class=\"wp-block-image size-large\"><img loading=\"lazy\" decoding=\"async\" width=\"1024\" height=\"576\" src=\"https:\/\/blogdorogeriogomes.com.br\/noticias\/wp-content\/uploads\/2024\/04\/53655761867-8af7e71a85-k-1024x576.png\" alt=\"\" class=\"wp-image-32345\" srcset=\"https:\/\/blogdorogeriogomes.com.br\/noticias\/wp-content\/uploads\/2024\/04\/53655761867-8af7e71a85-k-1024x576.png 1024w, https:\/\/blogdorogeriogomes.com.br\/noticias\/wp-content\/uploads\/2024\/04\/53655761867-8af7e71a85-k-300x169.png 300w, https:\/\/blogdorogeriogomes.com.br\/noticias\/wp-content\/uploads\/2024\/04\/53655761867-8af7e71a85-k-768x432.png 768w, https:\/\/blogdorogeriogomes.com.br\/noticias\/wp-content\/uploads\/2024\/04\/53655761867-8af7e71a85-k-800x450.png 800w, https:\/\/blogdorogeriogomes.com.br\/noticias\/wp-content\/uploads\/2024\/04\/53655761867-8af7e71a85-k.png 1080w\" sizes=\"auto, (max-width: 1024px) 100vw, 1024px\" \/><\/figure>\n","protected":false},"excerpt":{"rendered":"<p>O presidente Luiz In\u00e1cio Lula da Silva afirmou nesta segunda-feira, dia 15 de abril, no lan\u00e7amento do programa Terra da Gente, que as novas iniciativas do governo federal no sentido de incentivar a reforma agr\u00e1ria n\u00e3o devem invalidar a luta dos camponeses. O programa &#8220;Terra da Gente&#8221; estabelece um cat\u00e1logo de terras dispon\u00edveis no pa\u00eds para o assentamento de fam\u00edlias interessadas em viver e trabalhar no campo. Essa iniciativa, al\u00e9m de assegurar um direito constitucional, promove a inclus\u00e3o produtiva,&hellip;<\/p>\n","protected":false},"author":1,"featured_media":32345,"comment_status":"open","ping_status":"open","sticky":false,"template":"","format":"standard","meta":{"footnotes":""},"categories":[1],"tags":[],"class_list":["post-32344","post","type-post","status-publish","format-standard","has-post-thumbnail","hentry","category-noticias"],"_links":{"self":[{"href":"https:\/\/blogdorogeriogomes.com.br\/noticias\/wp-json\/wp\/v2\/posts\/32344","targetHints":{"allow":["GET"]}}],"collection":[{"href":"https:\/\/blogdorogeriogomes.com.br\/noticias\/wp-json\/wp\/v2\/posts"}],"about":[{"href":"https:\/\/blogdorogeriogomes.com.br\/noticias\/wp-json\/wp\/v2\/types\/post"}],"author":[{"embeddable":true,"href":"https:\/\/blogdorogeriogomes.com.br\/noticias\/wp-json\/wp\/v2\/users\/1"}],"replies":[{"embeddable":true,"href":"https:\/\/blogdorogeriogomes.com.br\/noticias\/wp-json\/wp\/v2\/comments?post=32344"}],"version-history":[{"count":1,"href":"https:\/\/blogdorogeriogomes.com.br\/noticias\/wp-json\/wp\/v2\/posts\/32344\/revisions"}],"predecessor-version":[{"id":32346,"href":"https:\/\/blogdorogeriogomes.com.br\/noticias\/wp-json\/wp\/v2\/posts\/32344\/revisions\/32346"}],"wp:featuredmedia":[{"embeddable":true,"href":"https:\/\/blogdorogeriogomes.com.br\/noticias\/wp-json\/wp\/v2\/media\/32345"}],"wp:attachment":[{"href":"https:\/\/blogdorogeriogomes.com.br\/noticias\/wp-json\/wp\/v2\/media?parent=32344"}],"wp:term":[{"taxonomy":"category","embeddable":true,"href":"https:\/\/blogdorogeriogomes.com.br\/noticias\/wp-json\/wp\/v2\/categories?post=32344"},{"taxonomy":"post_tag","embeddable":true,"href":"https:\/\/blogdorogeriogomes.com.br\/noticias\/wp-json\/wp\/v2\/tags?post=32344"}],"curies":[{"name":"wp","href":"https:\/\/api.w.org\/{rel}","templated":true}]}}