{"id":32347,"date":"2024-04-16T23:44:16","date_gmt":"2024-04-16T23:44:16","guid":{"rendered":"https:\/\/blogdorogeriogomes.com.br\/noticias\/?p=32347"},"modified":"2024-04-16T23:44:17","modified_gmt":"2024-04-16T23:44:17","slug":"izolda-cela-vai-deixar-cargo-no-ministerio-da-educacao-e-abre-possibilidade-de-ser-candidata-a-prefeitura-de-sobral-pelo-psb","status":"publish","type":"post","link":"https:\/\/blogdorogeriogomes.com.br\/noticias\/2024\/04\/izolda-cela-vai-deixar-cargo-no-ministerio-da-educacao-e-abre-possibilidade-de-ser-candidata-a-prefeitura-de-sobral-pelo-psb\/","title":{"rendered":"Izolda Cela vai deixar cargo no Minist\u00e9rio da Educa\u00e7\u00e3o e abre possibilidade de ser candidata \u00e0 Prefeitura de Sobral pelo PSB"},"content":{"rendered":"\n<p>A governadora do Cear\u00e1, Izolda Cela, vai se desincompatibilizar do cargo de secret\u00e1ria executiva do Minist\u00e9rio da Educa\u00e7\u00e3o no pr\u00f3ximo m\u00eas de junho. Assim, Izolda Cela abre a possibilidade de ser a candidata do PSB \u00e0 Prefeitura de Sobral. Ela tem domic\u00edlio eleitoral na cidade da Zona Norte do Cear\u00e1, que tem hoje como prefeito Ivo Gomes (PSB), irm\u00e3o do senador Cid Gomes (PSB) e do ex-ministro Ciro Gomes (PDT). &#8220;O partido solicita a desincompatibiliza\u00e7\u00e3o para abrir uma possibilidade, abrir o leque de op\u00e7\u00e3o, porque, do contr\u00e1rio, j\u00e1 est\u00e1 ali na barreira\u201d, afirmou Izolda Cela.<\/p>\n\n\n\n<p>Em 2022, Izolda Cela chegou a ser cotada como candidata do PDT \u00e0 reelei\u00e7\u00e3o para o Governo do Cear\u00e1, mas o nome escolhido pela legenda foi o do ex-prefeito de Fortaleza, Roberto Cl\u00e1udio. A decis\u00e3o provocou o rompimento de uma alian\u00e7a hist\u00f3rica entre PT e PDT no Cear\u00e1 e dividiu os pedetistas.<\/p>\n\n\n\n<figure class=\"wp-block-image size-full\"><img loading=\"lazy\" decoding=\"async\" width=\"585\" height=\"444\" src=\"https:\/\/blogdorogeriogomes.com.br\/noticias\/wp-content\/uploads\/2024\/04\/images-712.jpeg\" alt=\"\" class=\"wp-image-32348\" srcset=\"https:\/\/blogdorogeriogomes.com.br\/noticias\/wp-content\/uploads\/2024\/04\/images-712.jpeg 585w, https:\/\/blogdorogeriogomes.com.br\/noticias\/wp-content\/uploads\/2024\/04\/images-712-300x228.jpeg 300w, https:\/\/blogdorogeriogomes.com.br\/noticias\/wp-content\/uploads\/2024\/04\/images-712-180x138.jpeg 180w\" sizes=\"auto, (max-width: 585px) 100vw, 585px\" \/><\/figure>\n","protected":false},"excerpt":{"rendered":"<p>A governadora do Cear\u00e1, Izolda Cela, vai se desincompatibilizar do cargo de secret\u00e1ria executiva do Minist\u00e9rio da Educa\u00e7\u00e3o no pr\u00f3ximo m\u00eas de junho. Assim, Izolda Cela abre a possibilidade de ser a candidata do PSB \u00e0 Prefeitura de Sobral. Ela tem domic\u00edlio eleitoral na cidade da Zona Norte do Cear\u00e1, que tem hoje como prefeito Ivo Gomes (PSB), irm\u00e3o do senador Cid Gomes (PSB) e do ex-ministro Ciro Gomes (PDT). &#8220;O partido solicita a desincompatibiliza\u00e7\u00e3o para abrir uma possibilidade,&hellip;<\/p>\n","protected":false},"author":1,"featured_media":32348,"comment_status":"open","ping_status":"open","sticky":false,"template":"","format":"standard","meta":{"footnotes":""},"categories":[1],"tags":[],"class_list":["post-32347","post","type-post","status-publish","format-standard","has-post-thumbnail","hentry","category-noticias"],"_links":{"self":[{"href":"https:\/\/blogdorogeriogomes.com.br\/noticias\/wp-json\/wp\/v2\/posts\/32347","targetHints":{"allow":["GET"]}}],"collection":[{"href":"https:\/\/blogdorogeriogomes.com.br\/noticias\/wp-json\/wp\/v2\/posts"}],"about":[{"href":"https:\/\/blogdorogeriogomes.com.br\/noticias\/wp-json\/wp\/v2\/types\/post"}],"author":[{"embeddable":true,"href":"https:\/\/blogdorogeriogomes.com.br\/noticias\/wp-json\/wp\/v2\/users\/1"}],"replies":[{"embeddable":true,"href":"https:\/\/blogdorogeriogomes.com.br\/noticias\/wp-json\/wp\/v2\/comments?post=32347"}],"version-history":[{"count":1,"href":"https:\/\/blogdorogeriogomes.com.br\/noticias\/wp-json\/wp\/v2\/posts\/32347\/revisions"}],"predecessor-version":[{"id":32349,"href":"https:\/\/blogdorogeriogomes.com.br\/noticias\/wp-json\/wp\/v2\/posts\/32347\/revisions\/32349"}],"wp:featuredmedia":[{"embeddable":true,"href":"https:\/\/blogdorogeriogomes.com.br\/noticias\/wp-json\/wp\/v2\/media\/32348"}],"wp:attachment":[{"href":"https:\/\/blogdorogeriogomes.com.br\/noticias\/wp-json\/wp\/v2\/media?parent=32347"}],"wp:term":[{"taxonomy":"category","embeddable":true,"href":"https:\/\/blogdorogeriogomes.com.br\/noticias\/wp-json\/wp\/v2\/categories?post=32347"},{"taxonomy":"post_tag","embeddable":true,"href":"https:\/\/blogdorogeriogomes.com.br\/noticias\/wp-json\/wp\/v2\/tags?post=32347"}],"curies":[{"name":"wp","href":"https:\/\/api.w.org\/{rel}","templated":true}]}}