{"id":32350,"date":"2024-04-17T10:30:09","date_gmt":"2024-04-17T10:30:09","guid":{"rendered":"https:\/\/blogdorogeriogomes.com.br\/noticias\/?p=32350"},"modified":"2024-04-17T10:30:10","modified_gmt":"2024-04-17T10:30:10","slug":"governador-elmano-de-freitas-e-deputados-federais-e-estaduais-do-ceara-cobram-em-brasilia-melhorias-no-servico-da-enel","status":"publish","type":"post","link":"https:\/\/blogdorogeriogomes.com.br\/noticias\/2024\/04\/governador-elmano-de-freitas-e-deputados-federais-e-estaduais-do-ceara-cobram-em-brasilia-melhorias-no-servico-da-enel\/","title":{"rendered":"Governador Elmano de Freitas e deputados federais e estaduais do Cear\u00e1 cobram em Bras\u00edlia melhorias no servi\u00e7o da Enel"},"content":{"rendered":"\n<p>O governador Elmano de Freitas (PT) acompanhado de deputados federais e estaduais do Cear\u00e1 esteve reunido com o ministro de Minas e Energia, Alexandre Silveira (PSD-MG), em Bras\u00edlia, nesta ter\u00e7a-feira, dia 16 de abril, para discutir a situa\u00e7\u00e3o da Enel no Cear\u00e1. O presidente da Comiss\u00e3o Parlamentar de Inqu\u00e9rito (CPI) na Assembleia Legislativa, deputado estadual Fernando Santana (PT) participou da reuni\u00e3o. Fernando afirmou que no pr\u00f3ximo dia 24, os representantes da Enel no Cear\u00e1 ser\u00e3o ouvidos no Legislativo cearense.<\/p>\n\n\n\n<p>Fernando Santana levou um dossi\u00ea com todo o material produzido durante a CPI para entregar ao ministro durante a reuni\u00e3o. &#8220;Hoje, a tarifa cobrada pela Enel \u00e9 a mais alta do mundo, a comparar com o p\u00e9ssimo servi\u00e7o que ela tem prestado aqui no Estado\u201d, ressaltou o vice-presidente da Assembleia Legislativa.<\/p>\n\n\n\n<p>Elmano de Freitas tamb\u00e9m falou sobre a troca de comando na Enel Cear\u00e1, salientando que M\u00e1rcia Sandra foi substitu\u00edda por Jos\u00e9 Nunes de Almeida Neto, no in\u00edcio deste m\u00eas. \u201cSei que a Enel acaba de anunciar um novo presidente para a empresa no Estado do Cear\u00e1, e eu o conhe\u00e7o. Eu tenho esperan\u00e7a de que o novo presidente garanta uma mudan\u00e7a de comportamento da Enel no Estado&#8221;, disse o governador.<\/p>\n\n\n\n<figure class=\"wp-block-image size-full\"><img loading=\"lazy\" decoding=\"async\" width=\"828\" height=\"615\" src=\"https:\/\/blogdorogeriogomes.com.br\/noticias\/wp-content\/uploads\/2024\/04\/Parlamentares.jpg\" alt=\"\" class=\"wp-image-32351\" srcset=\"https:\/\/blogdorogeriogomes.com.br\/noticias\/wp-content\/uploads\/2024\/04\/Parlamentares.jpg 828w, https:\/\/blogdorogeriogomes.com.br\/noticias\/wp-content\/uploads\/2024\/04\/Parlamentares-300x223.jpg 300w, https:\/\/blogdorogeriogomes.com.br\/noticias\/wp-content\/uploads\/2024\/04\/Parlamentares-768x570.jpg 768w, https:\/\/blogdorogeriogomes.com.br\/noticias\/wp-content\/uploads\/2024\/04\/Parlamentares-800x594.jpg 800w\" sizes=\"auto, (max-width: 828px) 100vw, 828px\" \/><\/figure>\n","protected":false},"excerpt":{"rendered":"<p>O governador Elmano de Freitas (PT) acompanhado de deputados federais e estaduais do Cear\u00e1 esteve reunido com o ministro de Minas e Energia, Alexandre Silveira (PSD-MG), em Bras\u00edlia, nesta ter\u00e7a-feira, dia 16 de abril, para discutir a situa\u00e7\u00e3o da Enel no Cear\u00e1. O presidente da Comiss\u00e3o Parlamentar de Inqu\u00e9rito (CPI) na Assembleia Legislativa, deputado estadual Fernando Santana (PT) participou da reuni\u00e3o. Fernando afirmou que no pr\u00f3ximo dia 24, os representantes da Enel no Cear\u00e1 ser\u00e3o ouvidos no Legislativo cearense.&hellip;<\/p>\n","protected":false},"author":1,"featured_media":32351,"comment_status":"open","ping_status":"open","sticky":false,"template":"","format":"standard","meta":{"footnotes":""},"categories":[1],"tags":[],"class_list":["post-32350","post","type-post","status-publish","format-standard","has-post-thumbnail","hentry","category-noticias"],"_links":{"self":[{"href":"https:\/\/blogdorogeriogomes.com.br\/noticias\/wp-json\/wp\/v2\/posts\/32350","targetHints":{"allow":["GET"]}}],"collection":[{"href":"https:\/\/blogdorogeriogomes.com.br\/noticias\/wp-json\/wp\/v2\/posts"}],"about":[{"href":"https:\/\/blogdorogeriogomes.com.br\/noticias\/wp-json\/wp\/v2\/types\/post"}],"author":[{"embeddable":true,"href":"https:\/\/blogdorogeriogomes.com.br\/noticias\/wp-json\/wp\/v2\/users\/1"}],"replies":[{"embeddable":true,"href":"https:\/\/blogdorogeriogomes.com.br\/noticias\/wp-json\/wp\/v2\/comments?post=32350"}],"version-history":[{"count":1,"href":"https:\/\/blogdorogeriogomes.com.br\/noticias\/wp-json\/wp\/v2\/posts\/32350\/revisions"}],"predecessor-version":[{"id":32352,"href":"https:\/\/blogdorogeriogomes.com.br\/noticias\/wp-json\/wp\/v2\/posts\/32350\/revisions\/32352"}],"wp:featuredmedia":[{"embeddable":true,"href":"https:\/\/blogdorogeriogomes.com.br\/noticias\/wp-json\/wp\/v2\/media\/32351"}],"wp:attachment":[{"href":"https:\/\/blogdorogeriogomes.com.br\/noticias\/wp-json\/wp\/v2\/media?parent=32350"}],"wp:term":[{"taxonomy":"category","embeddable":true,"href":"https:\/\/blogdorogeriogomes.com.br\/noticias\/wp-json\/wp\/v2\/categories?post=32350"},{"taxonomy":"post_tag","embeddable":true,"href":"https:\/\/blogdorogeriogomes.com.br\/noticias\/wp-json\/wp\/v2\/tags?post=32350"}],"curies":[{"name":"wp","href":"https:\/\/api.w.org\/{rel}","templated":true}]}}