{"id":32353,"date":"2024-04-17T10:40:06","date_gmt":"2024-04-17T10:40:06","guid":{"rendered":"https:\/\/blogdorogeriogomes.com.br\/noticias\/?p=32353"},"modified":"2024-04-17T10:40:06","modified_gmt":"2024-04-17T10:40:06","slug":"leonardo-araujo-deixara-governo-estadual-para-disputar-prefeitura-de-palmacia","status":"publish","type":"post","link":"https:\/\/blogdorogeriogomes.com.br\/noticias\/2024\/04\/leonardo-araujo-deixara-governo-estadual-para-disputar-prefeitura-de-palmacia\/","title":{"rendered":"Leonardo Ara\u00fajo deixar\u00e1 Governo Estadual para disputar Prefeitura de Palm\u00e1cia"},"content":{"rendered":"\n<p>O assessor especial de Assuntos Federais do Cear\u00e1 e ex-deputado estadual, Leonardo Ara\u00fajo\u00a0(PSB) vai deixar o cargo no Executivo estadual para disputar o comando da Prefeitura de Palm\u00e1cia, no Maci\u00e7o de Baturit\u00e9, nas elei\u00e7\u00f5es deste ano. Leonardo  poder\u00e1 seguir no cargo at\u00e9 o in\u00edcio de junho, em seguida, precisar\u00e1 se desincompatibilizar para concorrer ao mandato eletivo.<\/p>\n\n\n\n<p>Leonardo Ara\u00fajo diz ter apoio do atual prefeito da Cidade, David Martins, do senador Cid Gomes (PSB), do governador Elmano de Freitas (PT), do ministro Camilo Santana (PT), da secretaria de Articula\u00e7\u00e3o Pol\u00edtica, Augusta Brito (PT), e da senadora em exerc\u00edcio Jana\u00edna Farias (PT).<\/p>\n\n\n\n<figure class=\"wp-block-image size-full\"><img loading=\"lazy\" decoding=\"async\" width=\"654\" height=\"469\" src=\"https:\/\/blogdorogeriogomes.com.br\/noticias\/wp-content\/uploads\/2024\/04\/images-72.jpeg\" alt=\"\" class=\"wp-image-32354\" srcset=\"https:\/\/blogdorogeriogomes.com.br\/noticias\/wp-content\/uploads\/2024\/04\/images-72.jpeg 654w, https:\/\/blogdorogeriogomes.com.br\/noticias\/wp-content\/uploads\/2024\/04\/images-72-300x215.jpeg 300w\" sizes=\"auto, (max-width: 654px) 100vw, 654px\" \/><\/figure>\n","protected":false},"excerpt":{"rendered":"<p>O assessor especial de Assuntos Federais do Cear\u00e1 e ex-deputado estadual, Leonardo Ara\u00fajo\u00a0(PSB) vai deixar o cargo no Executivo estadual para disputar o comando da Prefeitura de Palm\u00e1cia, no Maci\u00e7o de Baturit\u00e9, nas elei\u00e7\u00f5es deste ano. Leonardo poder\u00e1 seguir no cargo at\u00e9 o in\u00edcio de junho, em seguida, precisar\u00e1 se desincompatibilizar para concorrer ao mandato eletivo. Leonardo Ara\u00fajo diz ter apoio do atual prefeito da Cidade, David Martins, do senador Cid Gomes (PSB), do governador Elmano de Freitas (PT),&hellip;<\/p>\n","protected":false},"author":1,"featured_media":32354,"comment_status":"open","ping_status":"open","sticky":false,"template":"","format":"standard","meta":{"footnotes":""},"categories":[1],"tags":[],"class_list":["post-32353","post","type-post","status-publish","format-standard","has-post-thumbnail","hentry","category-noticias"],"_links":{"self":[{"href":"https:\/\/blogdorogeriogomes.com.br\/noticias\/wp-json\/wp\/v2\/posts\/32353","targetHints":{"allow":["GET"]}}],"collection":[{"href":"https:\/\/blogdorogeriogomes.com.br\/noticias\/wp-json\/wp\/v2\/posts"}],"about":[{"href":"https:\/\/blogdorogeriogomes.com.br\/noticias\/wp-json\/wp\/v2\/types\/post"}],"author":[{"embeddable":true,"href":"https:\/\/blogdorogeriogomes.com.br\/noticias\/wp-json\/wp\/v2\/users\/1"}],"replies":[{"embeddable":true,"href":"https:\/\/blogdorogeriogomes.com.br\/noticias\/wp-json\/wp\/v2\/comments?post=32353"}],"version-history":[{"count":1,"href":"https:\/\/blogdorogeriogomes.com.br\/noticias\/wp-json\/wp\/v2\/posts\/32353\/revisions"}],"predecessor-version":[{"id":32355,"href":"https:\/\/blogdorogeriogomes.com.br\/noticias\/wp-json\/wp\/v2\/posts\/32353\/revisions\/32355"}],"wp:featuredmedia":[{"embeddable":true,"href":"https:\/\/blogdorogeriogomes.com.br\/noticias\/wp-json\/wp\/v2\/media\/32354"}],"wp:attachment":[{"href":"https:\/\/blogdorogeriogomes.com.br\/noticias\/wp-json\/wp\/v2\/media?parent=32353"}],"wp:term":[{"taxonomy":"category","embeddable":true,"href":"https:\/\/blogdorogeriogomes.com.br\/noticias\/wp-json\/wp\/v2\/categories?post=32353"},{"taxonomy":"post_tag","embeddable":true,"href":"https:\/\/blogdorogeriogomes.com.br\/noticias\/wp-json\/wp\/v2\/tags?post=32353"}],"curies":[{"name":"wp","href":"https:\/\/api.w.org\/{rel}","templated":true}]}}