{"id":32360,"date":"2024-04-18T10:18:50","date_gmt":"2024-04-18T10:18:50","guid":{"rendered":"https:\/\/blogdorogeriogomes.com.br\/noticias\/?p=32360"},"modified":"2024-04-18T10:18:51","modified_gmt":"2024-04-18T10:18:51","slug":"edicao-do-fortal-2024-sera-em-outro-local-em-fortaleza-organizacao-do-evento-ainda-vai-confirmar-novo-espaco","status":"publish","type":"post","link":"https:\/\/blogdorogeriogomes.com.br\/noticias\/2024\/04\/edicao-do-fortal-2024-sera-em-outro-local-em-fortaleza-organizacao-do-evento-ainda-vai-confirmar-novo-espaco\/","title":{"rendered":"Edi\u00e7\u00e3o do Fortal 2024 ser\u00e1 em outro local em Fortaleza. Organiza\u00e7\u00e3o do evento ainda vai confirmar novo espa\u00e7o"},"content":{"rendered":"\n<p>A chamada Cidade Fortal vai mudar de lugar. A edi\u00e7\u00e3o do Fortal 2024, que acontece tradicionalmente no m\u00eas de julho, deixa de ser no bairro Manoel Dias Branco. Conhecido por sediar a micareta fora de \u00e9poca em Fortaleza desde 2005, a \u00e1rea n\u00e3o ser\u00e1 mais o espa\u00e7o para a festa a partir deste ano. A organiza\u00e7\u00e3o do Fortal ainda n\u00e3o revelou onde o evento passar\u00e1 a ocorrer.\u00a0<\/p>\n\n\n\n<p>No local onde funcionou a Cidade Fortal ser\u00e1 erguido um empreendimento imobili\u00e1rio. Muros j\u00e1 come\u00e7aram a ser levantados na \u00e1rea. O projeto da nova Cidade Fortal ser\u00e1 apresentado \u00e0 imprensa na pr\u00f3xima quarta-feira, dia 24 de abril, quando tamb\u00e9m ocorrer\u00e1 a divulga\u00e7\u00e3o da programa\u00e7\u00e3o da micareta.\u00a0<\/p>\n\n\n\n<figure class=\"wp-block-image size-full\"><img loading=\"lazy\" decoding=\"async\" width=\"739\" height=\"415\" src=\"https:\/\/blogdorogeriogomes.com.br\/noticias\/wp-content\/uploads\/2024\/04\/images-74.jpeg\" alt=\"\" class=\"wp-image-32361\" srcset=\"https:\/\/blogdorogeriogomes.com.br\/noticias\/wp-content\/uploads\/2024\/04\/images-74.jpeg 739w, https:\/\/blogdorogeriogomes.com.br\/noticias\/wp-content\/uploads\/2024\/04\/images-74-300x168.jpeg 300w\" sizes=\"auto, (max-width: 739px) 100vw, 739px\" \/><\/figure>\n","protected":false},"excerpt":{"rendered":"<p>A chamada Cidade Fortal vai mudar de lugar. A edi\u00e7\u00e3o do Fortal 2024, que acontece tradicionalmente no m\u00eas de julho, deixa de ser no bairro Manoel Dias Branco. Conhecido por sediar a micareta fora de \u00e9poca em Fortaleza desde 2005, a \u00e1rea n\u00e3o ser\u00e1 mais o espa\u00e7o para a festa a partir deste ano. A organiza\u00e7\u00e3o do Fortal ainda n\u00e3o revelou onde o evento passar\u00e1 a ocorrer.\u00a0 No local onde funcionou a Cidade Fortal ser\u00e1 erguido um empreendimento imobili\u00e1rio.&hellip;<\/p>\n","protected":false},"author":1,"featured_media":32361,"comment_status":"open","ping_status":"open","sticky":false,"template":"","format":"standard","meta":{"footnotes":""},"categories":[1],"tags":[],"class_list":["post-32360","post","type-post","status-publish","format-standard","has-post-thumbnail","hentry","category-noticias"],"_links":{"self":[{"href":"https:\/\/blogdorogeriogomes.com.br\/noticias\/wp-json\/wp\/v2\/posts\/32360","targetHints":{"allow":["GET"]}}],"collection":[{"href":"https:\/\/blogdorogeriogomes.com.br\/noticias\/wp-json\/wp\/v2\/posts"}],"about":[{"href":"https:\/\/blogdorogeriogomes.com.br\/noticias\/wp-json\/wp\/v2\/types\/post"}],"author":[{"embeddable":true,"href":"https:\/\/blogdorogeriogomes.com.br\/noticias\/wp-json\/wp\/v2\/users\/1"}],"replies":[{"embeddable":true,"href":"https:\/\/blogdorogeriogomes.com.br\/noticias\/wp-json\/wp\/v2\/comments?post=32360"}],"version-history":[{"count":1,"href":"https:\/\/blogdorogeriogomes.com.br\/noticias\/wp-json\/wp\/v2\/posts\/32360\/revisions"}],"predecessor-version":[{"id":32362,"href":"https:\/\/blogdorogeriogomes.com.br\/noticias\/wp-json\/wp\/v2\/posts\/32360\/revisions\/32362"}],"wp:featuredmedia":[{"embeddable":true,"href":"https:\/\/blogdorogeriogomes.com.br\/noticias\/wp-json\/wp\/v2\/media\/32361"}],"wp:attachment":[{"href":"https:\/\/blogdorogeriogomes.com.br\/noticias\/wp-json\/wp\/v2\/media?parent=32360"}],"wp:term":[{"taxonomy":"category","embeddable":true,"href":"https:\/\/blogdorogeriogomes.com.br\/noticias\/wp-json\/wp\/v2\/categories?post=32360"},{"taxonomy":"post_tag","embeddable":true,"href":"https:\/\/blogdorogeriogomes.com.br\/noticias\/wp-json\/wp\/v2\/tags?post=32360"}],"curies":[{"name":"wp","href":"https:\/\/api.w.org\/{rel}","templated":true}]}}