{"id":32364,"date":"2024-04-18T10:27:41","date_gmt":"2024-04-18T10:27:41","guid":{"rendered":"https:\/\/blogdorogeriogomes.com.br\/noticias\/?p=32364"},"modified":"2024-04-18T10:27:42","modified_gmt":"2024-04-18T10:27:42","slug":"edital-de-concurso-da-secretaria-de-planejamento-do-estado-e-divulgado-com-salario-inicial-de-r-14-mil-reais-e-52-vagas","status":"publish","type":"post","link":"https:\/\/blogdorogeriogomes.com.br\/noticias\/2024\/04\/edital-de-concurso-da-secretaria-de-planejamento-do-estado-e-divulgado-com-salario-inicial-de-r-14-mil-reais-e-52-vagas\/","title":{"rendered":"Edital de concurso da Secretaria de Planejamento do Estado \u00e9 divulgado com sal\u00e1rio inicial de R$ 14 mil reais e 52 vagas"},"content":{"rendered":"\n<p>O edital do concurso p\u00fablico da Secretaria do Planejamento e Gest\u00e3o do Cear\u00e1 (Seplag) foi publicado na noite desta quarta-feira, dia 17 de abril, no Di\u00e1rio Oficial do Estado (DOE). Ao todo, s\u00e3o 52 vagas de n\u00edvel superior, sendo 30 para analista de Gest\u00e3o P\u00fablica e 22 para analista de Planejamento e Or\u00e7amento, al\u00e9m de 156 para cadastro de reserva.<\/p>\n\n\n\n<p>A remunera\u00e7\u00e3o b\u00e1sica do cargo \u00e9 de R$ 4.658,28, na qual h\u00e1 acr\u00e9scimo de Gratifica\u00e7\u00e3o de Desempenho de Atividade de Gest\u00e3o (GDAG) e retribui\u00e7\u00e3o por titula\u00e7\u00e3o. Desse modo, o sal\u00e1rio bruto total inicia em R$ 14.385,97 para a jornada de trabalho de 40 horas semanais.<\/p>\n\n\n\n<figure class=\"wp-block-image size-full\"><img loading=\"lazy\" decoding=\"async\" width=\"738\" height=\"415\" src=\"https:\/\/blogdorogeriogomes.com.br\/noticias\/wp-content\/uploads\/2024\/04\/images-75.jpeg\" alt=\"\" class=\"wp-image-32365\" srcset=\"https:\/\/blogdorogeriogomes.com.br\/noticias\/wp-content\/uploads\/2024\/04\/images-75.jpeg 738w, https:\/\/blogdorogeriogomes.com.br\/noticias\/wp-content\/uploads\/2024\/04\/images-75-300x169.jpeg 300w\" sizes=\"auto, (max-width: 738px) 100vw, 738px\" \/><\/figure>\n","protected":false},"excerpt":{"rendered":"<p>O edital do concurso p\u00fablico da Secretaria do Planejamento e Gest\u00e3o do Cear\u00e1 (Seplag) foi publicado na noite desta quarta-feira, dia 17 de abril, no Di\u00e1rio Oficial do Estado (DOE). Ao todo, s\u00e3o 52 vagas de n\u00edvel superior, sendo 30 para analista de Gest\u00e3o P\u00fablica e 22 para analista de Planejamento e Or\u00e7amento, al\u00e9m de 156 para cadastro de reserva. A remunera\u00e7\u00e3o b\u00e1sica do cargo \u00e9 de R$ 4.658,28, na qual h\u00e1 acr\u00e9scimo de Gratifica\u00e7\u00e3o de Desempenho de Atividade&hellip;<\/p>\n","protected":false},"author":1,"featured_media":32365,"comment_status":"open","ping_status":"open","sticky":false,"template":"","format":"standard","meta":{"footnotes":""},"categories":[1],"tags":[],"class_list":["post-32364","post","type-post","status-publish","format-standard","has-post-thumbnail","hentry","category-noticias"],"_links":{"self":[{"href":"https:\/\/blogdorogeriogomes.com.br\/noticias\/wp-json\/wp\/v2\/posts\/32364","targetHints":{"allow":["GET"]}}],"collection":[{"href":"https:\/\/blogdorogeriogomes.com.br\/noticias\/wp-json\/wp\/v2\/posts"}],"about":[{"href":"https:\/\/blogdorogeriogomes.com.br\/noticias\/wp-json\/wp\/v2\/types\/post"}],"author":[{"embeddable":true,"href":"https:\/\/blogdorogeriogomes.com.br\/noticias\/wp-json\/wp\/v2\/users\/1"}],"replies":[{"embeddable":true,"href":"https:\/\/blogdorogeriogomes.com.br\/noticias\/wp-json\/wp\/v2\/comments?post=32364"}],"version-history":[{"count":1,"href":"https:\/\/blogdorogeriogomes.com.br\/noticias\/wp-json\/wp\/v2\/posts\/32364\/revisions"}],"predecessor-version":[{"id":32366,"href":"https:\/\/blogdorogeriogomes.com.br\/noticias\/wp-json\/wp\/v2\/posts\/32364\/revisions\/32366"}],"wp:featuredmedia":[{"embeddable":true,"href":"https:\/\/blogdorogeriogomes.com.br\/noticias\/wp-json\/wp\/v2\/media\/32365"}],"wp:attachment":[{"href":"https:\/\/blogdorogeriogomes.com.br\/noticias\/wp-json\/wp\/v2\/media?parent=32364"}],"wp:term":[{"taxonomy":"category","embeddable":true,"href":"https:\/\/blogdorogeriogomes.com.br\/noticias\/wp-json\/wp\/v2\/categories?post=32364"},{"taxonomy":"post_tag","embeddable":true,"href":"https:\/\/blogdorogeriogomes.com.br\/noticias\/wp-json\/wp\/v2\/tags?post=32364"}],"curies":[{"name":"wp","href":"https:\/\/api.w.org\/{rel}","templated":true}]}}