{"id":32367,"date":"2024-04-18T10:45:43","date_gmt":"2024-04-18T10:45:43","guid":{"rendered":"https:\/\/blogdorogeriogomes.com.br\/noticias\/?p=32367"},"modified":"2024-04-18T10:45:44","modified_gmt":"2024-04-18T10:45:44","slug":"missao-do-brasil-na-colombia-tem-maior-encontro-empresarial-dos-dois-paises","status":"publish","type":"post","link":"https:\/\/blogdorogeriogomes.com.br\/noticias\/2024\/04\/missao-do-brasil-na-colombia-tem-maior-encontro-empresarial-dos-dois-paises\/","title":{"rendered":"Miss\u00e3o do Brasil na Col\u00f4mbia tem maior encontro empresarial dos dois pa\u00edses"},"content":{"rendered":"\n<p>Em Bogot\u00e1, os presidentes Luiz In\u00e1cio Lula da Silva e Gustavo Petro participam do F\u00f3rum Empresarial Col\u00f4mbia-Brasil, realizado pelo Ag\u00eancia Brasileira de Promo\u00e7\u00e3o de Exporta\u00e7\u00f5es e Investimentos (ApexBrasil), em conjunto com o Minist\u00e9rio do Desenvolvimento, Ind\u00fastria, Com\u00e9rcio e Servi\u00e7os (MDIC), o Minist\u00e9rio das Rela\u00e7\u00f5es Exteriores (MRE) e a ProColombia. O F\u00f3rum re\u00fane empres\u00e1rios dos maiores e mais promissores setores econ\u00f4micos de Brasil e Col\u00f4mbia, com destaque para temas de tecnologia e servi\u00e7os, nova ind\u00fastria e transi\u00e7\u00e3o energ\u00e9tica e seguran\u00e7a alimentar. O F\u00f3rum Empresarial Col\u00f4mbia-Brasil re\u00fane mais de 500 empres\u00e1rios de lado a lado para impulsionar exporta\u00e7\u00f5es e investimentos.<\/p>\n\n\n\n<p>Na abertura do f\u00f3rum, o presidente da ApexBrasil, Jorge Viana, sublinhou o car\u00e1ter estrat\u00e9gico do evento para as rela\u00e7\u00f5es entre Brasil e Col\u00f4mbia. \u00a0\u201cEstamos vivendo aqui um momento hist\u00f3rico, que s\u00f3 \u00e9 poss\u00edvel pelo entendimento dos presidentes Petro e Lula, e cabe \u00e0 ApexBrasil junto com MRE, MDIC e Procolombia trabalhar, em conjunto, para aproveitar as grandes oportunidades dos dois mercados\u201d. Viana comentou ainda que, segundo estudos da Intelig\u00eancia de Mercado da Ag\u00eancia, a Col\u00f4mbia apresenta mais de 1.500 oportunidades para exporta\u00e7\u00f5es brasileiras.<\/p>\n\n\n\n<figure class=\"wp-block-image size-full\"><img loading=\"lazy\" decoding=\"async\" width=\"500\" height=\"240\" src=\"https:\/\/blogdorogeriogomes.com.br\/noticias\/wp-content\/uploads\/2024\/04\/20240417210452_0b71c4fded765b59a754cfda9d3a71b581387f1b9aff0908b1a564983128b2cb.webp\" alt=\"\" class=\"wp-image-32368\" srcset=\"https:\/\/blogdorogeriogomes.com.br\/noticias\/wp-content\/uploads\/2024\/04\/20240417210452_0b71c4fded765b59a754cfda9d3a71b581387f1b9aff0908b1a564983128b2cb.webp 500w, https:\/\/blogdorogeriogomes.com.br\/noticias\/wp-content\/uploads\/2024\/04\/20240417210452_0b71c4fded765b59a754cfda9d3a71b581387f1b9aff0908b1a564983128b2cb-300x144.webp 300w\" sizes=\"auto, (max-width: 500px) 100vw, 500px\" \/><\/figure>\n","protected":false},"excerpt":{"rendered":"<p>Em Bogot\u00e1, os presidentes Luiz In\u00e1cio Lula da Silva e Gustavo Petro participam do F\u00f3rum Empresarial Col\u00f4mbia-Brasil, realizado pelo Ag\u00eancia Brasileira de Promo\u00e7\u00e3o de Exporta\u00e7\u00f5es e Investimentos (ApexBrasil), em conjunto com o Minist\u00e9rio do Desenvolvimento, Ind\u00fastria, Com\u00e9rcio e Servi\u00e7os (MDIC), o Minist\u00e9rio das Rela\u00e7\u00f5es Exteriores (MRE) e a ProColombia. O F\u00f3rum re\u00fane empres\u00e1rios dos maiores e mais promissores setores econ\u00f4micos de Brasil e Col\u00f4mbia, com destaque para temas de tecnologia e servi\u00e7os, nova ind\u00fastria e transi\u00e7\u00e3o energ\u00e9tica e seguran\u00e7a&hellip;<\/p>\n","protected":false},"author":1,"featured_media":32368,"comment_status":"open","ping_status":"open","sticky":false,"template":"","format":"standard","meta":{"footnotes":""},"categories":[1],"tags":[],"class_list":["post-32367","post","type-post","status-publish","format-standard","has-post-thumbnail","hentry","category-noticias"],"_links":{"self":[{"href":"https:\/\/blogdorogeriogomes.com.br\/noticias\/wp-json\/wp\/v2\/posts\/32367","targetHints":{"allow":["GET"]}}],"collection":[{"href":"https:\/\/blogdorogeriogomes.com.br\/noticias\/wp-json\/wp\/v2\/posts"}],"about":[{"href":"https:\/\/blogdorogeriogomes.com.br\/noticias\/wp-json\/wp\/v2\/types\/post"}],"author":[{"embeddable":true,"href":"https:\/\/blogdorogeriogomes.com.br\/noticias\/wp-json\/wp\/v2\/users\/1"}],"replies":[{"embeddable":true,"href":"https:\/\/blogdorogeriogomes.com.br\/noticias\/wp-json\/wp\/v2\/comments?post=32367"}],"version-history":[{"count":1,"href":"https:\/\/blogdorogeriogomes.com.br\/noticias\/wp-json\/wp\/v2\/posts\/32367\/revisions"}],"predecessor-version":[{"id":32369,"href":"https:\/\/blogdorogeriogomes.com.br\/noticias\/wp-json\/wp\/v2\/posts\/32367\/revisions\/32369"}],"wp:featuredmedia":[{"embeddable":true,"href":"https:\/\/blogdorogeriogomes.com.br\/noticias\/wp-json\/wp\/v2\/media\/32368"}],"wp:attachment":[{"href":"https:\/\/blogdorogeriogomes.com.br\/noticias\/wp-json\/wp\/v2\/media?parent=32367"}],"wp:term":[{"taxonomy":"category","embeddable":true,"href":"https:\/\/blogdorogeriogomes.com.br\/noticias\/wp-json\/wp\/v2\/categories?post=32367"},{"taxonomy":"post_tag","embeddable":true,"href":"https:\/\/blogdorogeriogomes.com.br\/noticias\/wp-json\/wp\/v2\/tags?post=32367"}],"curies":[{"name":"wp","href":"https:\/\/api.w.org\/{rel}","templated":true}]}}