{"id":32370,"date":"2024-04-18T10:52:25","date_gmt":"2024-04-18T10:52:25","guid":{"rendered":"https:\/\/blogdorogeriogomes.com.br\/noticias\/?p=32370"},"modified":"2024-04-18T11:20:03","modified_gmt":"2024-04-18T11:20:03","slug":"prefeitura-de-fortaleza-entrega-medalha-iracema-nesta-quinta-feira-no-teatro-sao-jose","status":"publish","type":"post","link":"https:\/\/blogdorogeriogomes.com.br\/noticias\/2024\/04\/prefeitura-de-fortaleza-entrega-medalha-iracema-nesta-quinta-feira-no-teatro-sao-jose\/","title":{"rendered":"Prefeitura de Fortaleza entrega Medalha Iracema nesta quinta-feira no Teatro S\u00e3o Jos\u00e9"},"content":{"rendered":"\n<p>A Prefeitura de Fortaleza realiza, nesta quinta-feira, dia 18 de abril, a entrega da Medalha Iracema, maior comenda do Poder Executivo Municipal. Neste ano, ser\u00e3o homenageados o ministro do Superior Tribunal de Justi\u00e7a (STJ), Teodoro Silva Santos; a empres\u00e1ria Maria Consuelo Le\u00e3o Dias Branco; o arquiteto, compositor e poeta Fausto Nilo Costa J\u00fanior, e a bailarina e diretora geral do Instituto Katiana Pena, Katiana Pena Morais.<\/p>\n\n\n\n<p>A entrega ser\u00e1 feita no Teatro S\u00e3o Jos\u00e9 e tem por objetivo o reconhecimento a personalidades e institui\u00e7\u00f5es que contribuem para o desenvolvimento da cidade. O evento integra a comemora\u00e7\u00e3o dos 298 anos do Anivers\u00e1rio de Fortaleza.<\/p>\n\n\n\n<figure class=\"wp-block-image size-full\"><img loading=\"lazy\" decoding=\"async\" width=\"739\" height=\"415\" src=\"https:\/\/blogdorogeriogomes.com.br\/noticias\/wp-content\/uploads\/2024\/04\/images-76.jpeg\" alt=\"\" class=\"wp-image-32371\" srcset=\"https:\/\/blogdorogeriogomes.com.br\/noticias\/wp-content\/uploads\/2024\/04\/images-76.jpeg 739w, https:\/\/blogdorogeriogomes.com.br\/noticias\/wp-content\/uploads\/2024\/04\/images-76-300x168.jpeg 300w\" sizes=\"auto, (max-width: 739px) 100vw, 739px\" \/><\/figure>\n","protected":false},"excerpt":{"rendered":"<p>A Prefeitura de Fortaleza realiza, nesta quinta-feira, dia 18 de abril, a entrega da Medalha Iracema, maior comenda do Poder Executivo Municipal. Neste ano, ser\u00e3o homenageados o ministro do Superior Tribunal de Justi\u00e7a (STJ), Teodoro Silva Santos; a empres\u00e1ria Maria Consuelo Le\u00e3o Dias Branco; o arquiteto, compositor e poeta Fausto Nilo Costa J\u00fanior, e a bailarina e diretora geral do Instituto Katiana Pena, Katiana Pena Morais. A entrega ser\u00e1 feita no Teatro S\u00e3o Jos\u00e9 e tem por objetivo o&hellip;<\/p>\n","protected":false},"author":1,"featured_media":32371,"comment_status":"open","ping_status":"open","sticky":false,"template":"","format":"standard","meta":{"footnotes":""},"categories":[1],"tags":[],"class_list":["post-32370","post","type-post","status-publish","format-standard","has-post-thumbnail","hentry","category-noticias"],"_links":{"self":[{"href":"https:\/\/blogdorogeriogomes.com.br\/noticias\/wp-json\/wp\/v2\/posts\/32370","targetHints":{"allow":["GET"]}}],"collection":[{"href":"https:\/\/blogdorogeriogomes.com.br\/noticias\/wp-json\/wp\/v2\/posts"}],"about":[{"href":"https:\/\/blogdorogeriogomes.com.br\/noticias\/wp-json\/wp\/v2\/types\/post"}],"author":[{"embeddable":true,"href":"https:\/\/blogdorogeriogomes.com.br\/noticias\/wp-json\/wp\/v2\/users\/1"}],"replies":[{"embeddable":true,"href":"https:\/\/blogdorogeriogomes.com.br\/noticias\/wp-json\/wp\/v2\/comments?post=32370"}],"version-history":[{"count":1,"href":"https:\/\/blogdorogeriogomes.com.br\/noticias\/wp-json\/wp\/v2\/posts\/32370\/revisions"}],"predecessor-version":[{"id":32372,"href":"https:\/\/blogdorogeriogomes.com.br\/noticias\/wp-json\/wp\/v2\/posts\/32370\/revisions\/32372"}],"wp:featuredmedia":[{"embeddable":true,"href":"https:\/\/blogdorogeriogomes.com.br\/noticias\/wp-json\/wp\/v2\/media\/32371"}],"wp:attachment":[{"href":"https:\/\/blogdorogeriogomes.com.br\/noticias\/wp-json\/wp\/v2\/media?parent=32370"}],"wp:term":[{"taxonomy":"category","embeddable":true,"href":"https:\/\/blogdorogeriogomes.com.br\/noticias\/wp-json\/wp\/v2\/categories?post=32370"},{"taxonomy":"post_tag","embeddable":true,"href":"https:\/\/blogdorogeriogomes.com.br\/noticias\/wp-json\/wp\/v2\/tags?post=32370"}],"curies":[{"name":"wp","href":"https:\/\/api.w.org\/{rel}","templated":true}]}}