{"id":32375,"date":"2024-04-18T11:15:46","date_gmt":"2024-04-18T11:15:46","guid":{"rendered":"https:\/\/blogdorogeriogomes.com.br\/noticias\/?p=32375"},"modified":"2024-04-18T11:19:29","modified_gmt":"2024-04-18T11:19:29","slug":"alexandre-de-moraes-faz-visita-surpresa-a-rodrigo-pacheco-e-arthur-lira-na-pauta-a-regulacao-das-redes-sociais-e-a-relacao-entre-congresso-e-stf","status":"publish","type":"post","link":"https:\/\/blogdorogeriogomes.com.br\/noticias\/2024\/04\/alexandre-de-moraes-faz-visita-surpresa-a-rodrigo-pacheco-e-arthur-lira-na-pauta-a-regulacao-das-redes-sociais-e-a-relacao-entre-congresso-e-stf\/","title":{"rendered":"Alexandre de Moraes faz visita surpresa a Rodrigo Pacheco e Arthur Lira. Na pauta, a regula\u00e7\u00e3o das redes sociais e a rela\u00e7\u00e3o entre Congresso e STF"},"content":{"rendered":"\n<p>O ministro Alexandre de Moraes, do Supremo Tribunal Federal (STF), participou nesta quarta-feira, dia 17 de abril, de uma sess\u00e3o no Senado na qual discursou sobre a regulamenta\u00e7\u00e3o das redes sociais. Em meio ao embate entre os Poderes, o ministro do Supremo Tribunal Federal (STF) Alexandre de Moraes se encontrou com o presidente do Senado, Rodrigo Pacheco (PSD-MG), e com o presidente da C\u00e2mara, Arthur Lira (PP-AL).<\/p>\n\n\n\n<p>&#8220;H\u00e1 a necessidade da regulamenta\u00e7\u00e3o de novas modalidades contratuais que surgiram, a quest\u00e3o de costumes, novas rela\u00e7\u00f5es familiares, quest\u00f5es do direito de fam\u00edlia e sucess\u00f5es, a tecnologia, a intelig\u00eancia artificial, novas formas de responsabilidade civil\u201d, afirmou Moraes. \u201c[Pacheco] lembrou que na virada do s\u00e9culo n\u00e3o existiam redes sociais. N\u00f3s \u00e9ramos felizes e n\u00e3o sab\u00edamos. H\u00e1 necessidade dessa regulamenta\u00e7\u00e3o, do tratamento da responsabilidade, do tratamento de novas formas obrigacionais\u201d.<\/p>\n\n\n\n<p>Arthur Lira tem sido questionado por lideran\u00e7as de v\u00e1rios partidos sobre o andamento dos projetos que tratam das prerrogativas dos parlamentares e da limita\u00e7\u00e3o do espa\u00e7o do STF. Senadores e deputados federais reclamam de a\u00e7\u00f5es do Supremo e questionam &#8220;abuso&#8221; do Poder Judici\u00e1rio. <\/p>\n\n\n\n<p>A conversa entre Alexandre de Moraes e Arthur Lira, segundo interlocutores, foi dura mas os dois prometeram esfor\u00e7o para melhorar a rela\u00e7\u00e3o entre os dois poderes.<\/p>\n\n\n\n<figure class=\"wp-block-image size-full\"><img loading=\"lazy\" decoding=\"async\" width=\"678\" height=\"452\" src=\"https:\/\/blogdorogeriogomes.com.br\/noticias\/wp-content\/uploads\/2024\/04\/images-77.jpeg\" alt=\"\" class=\"wp-image-32376\" srcset=\"https:\/\/blogdorogeriogomes.com.br\/noticias\/wp-content\/uploads\/2024\/04\/images-77.jpeg 678w, https:\/\/blogdorogeriogomes.com.br\/noticias\/wp-content\/uploads\/2024\/04\/images-77-300x200.jpeg 300w\" sizes=\"auto, (max-width: 678px) 100vw, 678px\" \/><\/figure>\n","protected":false},"excerpt":{"rendered":"<p>O ministro Alexandre de Moraes, do Supremo Tribunal Federal (STF), participou nesta quarta-feira, dia 17 de abril, de uma sess\u00e3o no Senado na qual discursou sobre a regulamenta\u00e7\u00e3o das redes sociais. Em meio ao embate entre os Poderes, o ministro do Supremo Tribunal Federal (STF) Alexandre de Moraes se encontrou com o presidente do Senado, Rodrigo Pacheco (PSD-MG), e com o presidente da C\u00e2mara, Arthur Lira (PP-AL). &#8220;H\u00e1 a necessidade da regulamenta\u00e7\u00e3o de novas modalidades contratuais que surgiram, a&hellip;<\/p>\n","protected":false},"author":1,"featured_media":32376,"comment_status":"open","ping_status":"open","sticky":false,"template":"","format":"standard","meta":{"footnotes":""},"categories":[1],"tags":[],"class_list":["post-32375","post","type-post","status-publish","format-standard","has-post-thumbnail","hentry","category-noticias"],"_links":{"self":[{"href":"https:\/\/blogdorogeriogomes.com.br\/noticias\/wp-json\/wp\/v2\/posts\/32375","targetHints":{"allow":["GET"]}}],"collection":[{"href":"https:\/\/blogdorogeriogomes.com.br\/noticias\/wp-json\/wp\/v2\/posts"}],"about":[{"href":"https:\/\/blogdorogeriogomes.com.br\/noticias\/wp-json\/wp\/v2\/types\/post"}],"author":[{"embeddable":true,"href":"https:\/\/blogdorogeriogomes.com.br\/noticias\/wp-json\/wp\/v2\/users\/1"}],"replies":[{"embeddable":true,"href":"https:\/\/blogdorogeriogomes.com.br\/noticias\/wp-json\/wp\/v2\/comments?post=32375"}],"version-history":[{"count":1,"href":"https:\/\/blogdorogeriogomes.com.br\/noticias\/wp-json\/wp\/v2\/posts\/32375\/revisions"}],"predecessor-version":[{"id":32377,"href":"https:\/\/blogdorogeriogomes.com.br\/noticias\/wp-json\/wp\/v2\/posts\/32375\/revisions\/32377"}],"wp:featuredmedia":[{"embeddable":true,"href":"https:\/\/blogdorogeriogomes.com.br\/noticias\/wp-json\/wp\/v2\/media\/32376"}],"wp:attachment":[{"href":"https:\/\/blogdorogeriogomes.com.br\/noticias\/wp-json\/wp\/v2\/media?parent=32375"}],"wp:term":[{"taxonomy":"category","embeddable":true,"href":"https:\/\/blogdorogeriogomes.com.br\/noticias\/wp-json\/wp\/v2\/categories?post=32375"},{"taxonomy":"post_tag","embeddable":true,"href":"https:\/\/blogdorogeriogomes.com.br\/noticias\/wp-json\/wp\/v2\/tags?post=32375"}],"curies":[{"name":"wp","href":"https:\/\/api.w.org\/{rel}","templated":true}]}}