{"id":32378,"date":"2024-04-19T11:07:18","date_gmt":"2024-04-19T11:07:18","guid":{"rendered":"https:\/\/blogdorogeriogomes.com.br\/noticias\/?p=32378"},"modified":"2024-04-19T11:07:19","modified_gmt":"2024-04-19T11:07:19","slug":"projeto-da-prefeitura-preve-a-juncao-dos-mercados-da-aerolandia-e-pinhoes-em-um-so-lugar","status":"publish","type":"post","link":"https:\/\/blogdorogeriogomes.com.br\/noticias\/2024\/04\/projeto-da-prefeitura-preve-a-juncao-dos-mercados-da-aerolandia-e-pinhoes-em-um-so-lugar\/","title":{"rendered":"Projeto da Prefeitura prev\u00ea a jun\u00e7\u00e3o dos mercados da Aerol\u00e2ndia e Pinh\u00f5es em um s\u00f3 lugar"},"content":{"rendered":"\n<p>Um projeto da Prefeitura de Fortaleza pretende juntar as estruturas dos mercados da Aerol\u00e2ndia e dos Pinh\u00f5es em uma \u00fanica regi\u00e3o. O espa\u00e7o com as duas estruturas ter\u00e1 9 mil m\u00b2 de \u00e1rea, com previs\u00e3o de in\u00edcio das obras no primeiro semestre de 2025 e 18 meses de dura\u00e7\u00e3o.<\/p>\n\n\n\n<p>A estrutura do Mercado da Aerol\u00e2ndia ser\u00e1 retirada do local e levada para o entorno da Pra\u00e7a Visconde de Pelotas, no Centro, que abriga o Mercado dos Pinh\u00f5es. A jun\u00e7\u00e3o tem o objetivo de construir\u00a0um Polo Gastron\u00f4mico e Cultural. <\/p>\n\n\n\n<p>A obra est\u00e1 sendo arquitetada pela Secretaria de Infraestrutura do Munic\u00edpio, mas ainda n\u00e3o foi discutida com os moradores do entorno dos mercados nos bairros da Aerol\u00e2ndia e Praia de Iracema, onde fica o dos Pinh\u00f5es.<br><\/p>\n\n\n\n<figure class=\"wp-block-image size-full\"><img loading=\"lazy\" decoding=\"async\" width=\"506\" height=\"360\" src=\"https:\/\/blogdorogeriogomes.com.br\/noticias\/wp-content\/uploads\/2024\/04\/1__mercados_da_aerolandia__9-26505646.jpg\" alt=\"\" class=\"wp-image-32379\" srcset=\"https:\/\/blogdorogeriogomes.com.br\/noticias\/wp-content\/uploads\/2024\/04\/1__mercados_da_aerolandia__9-26505646.jpg 506w, https:\/\/blogdorogeriogomes.com.br\/noticias\/wp-content\/uploads\/2024\/04\/1__mercados_da_aerolandia__9-26505646-300x213.jpg 300w\" sizes=\"auto, (max-width: 506px) 100vw, 506px\" \/><\/figure>\n\n\n\n<p><br><\/p>\n","protected":false},"excerpt":{"rendered":"<p>Um projeto da Prefeitura de Fortaleza pretende juntar as estruturas dos mercados da Aerol\u00e2ndia e dos Pinh\u00f5es em uma \u00fanica regi\u00e3o. O espa\u00e7o com as duas estruturas ter\u00e1 9 mil m\u00b2 de \u00e1rea, com previs\u00e3o de in\u00edcio das obras no primeiro semestre de 2025 e 18 meses de dura\u00e7\u00e3o. A estrutura do Mercado da Aerol\u00e2ndia ser\u00e1 retirada do local e levada para o entorno da Pra\u00e7a Visconde de Pelotas, no Centro, que abriga o Mercado dos Pinh\u00f5es. A jun\u00e7\u00e3o&hellip;<\/p>\n","protected":false},"author":1,"featured_media":32379,"comment_status":"open","ping_status":"open","sticky":false,"template":"","format":"standard","meta":{"footnotes":""},"categories":[1],"tags":[],"class_list":["post-32378","post","type-post","status-publish","format-standard","has-post-thumbnail","hentry","category-noticias"],"_links":{"self":[{"href":"https:\/\/blogdorogeriogomes.com.br\/noticias\/wp-json\/wp\/v2\/posts\/32378","targetHints":{"allow":["GET"]}}],"collection":[{"href":"https:\/\/blogdorogeriogomes.com.br\/noticias\/wp-json\/wp\/v2\/posts"}],"about":[{"href":"https:\/\/blogdorogeriogomes.com.br\/noticias\/wp-json\/wp\/v2\/types\/post"}],"author":[{"embeddable":true,"href":"https:\/\/blogdorogeriogomes.com.br\/noticias\/wp-json\/wp\/v2\/users\/1"}],"replies":[{"embeddable":true,"href":"https:\/\/blogdorogeriogomes.com.br\/noticias\/wp-json\/wp\/v2\/comments?post=32378"}],"version-history":[{"count":1,"href":"https:\/\/blogdorogeriogomes.com.br\/noticias\/wp-json\/wp\/v2\/posts\/32378\/revisions"}],"predecessor-version":[{"id":32380,"href":"https:\/\/blogdorogeriogomes.com.br\/noticias\/wp-json\/wp\/v2\/posts\/32378\/revisions\/32380"}],"wp:featuredmedia":[{"embeddable":true,"href":"https:\/\/blogdorogeriogomes.com.br\/noticias\/wp-json\/wp\/v2\/media\/32379"}],"wp:attachment":[{"href":"https:\/\/blogdorogeriogomes.com.br\/noticias\/wp-json\/wp\/v2\/media?parent=32378"}],"wp:term":[{"taxonomy":"category","embeddable":true,"href":"https:\/\/blogdorogeriogomes.com.br\/noticias\/wp-json\/wp\/v2\/categories?post=32378"},{"taxonomy":"post_tag","embeddable":true,"href":"https:\/\/blogdorogeriogomes.com.br\/noticias\/wp-json\/wp\/v2\/tags?post=32378"}],"curies":[{"name":"wp","href":"https:\/\/api.w.org\/{rel}","templated":true}]}}