{"id":32381,"date":"2024-04-19T11:20:38","date_gmt":"2024-04-19T11:20:38","guid":{"rendered":"https:\/\/blogdorogeriogomes.com.br\/noticias\/?p=32381"},"modified":"2024-04-19T11:20:39","modified_gmt":"2024-04-19T11:20:39","slug":"inquerito-da-policia-civil-revela-que-cameras-em-imovel-alugado-por-deputada-cearense-dayany-bittencourt-foram-instaladas-ha-pelo-menos-quatro-anos","status":"publish","type":"post","link":"https:\/\/blogdorogeriogomes.com.br\/noticias\/2024\/04\/inquerito-da-policia-civil-revela-que-cameras-em-imovel-alugado-por-deputada-cearense-dayany-bittencourt-foram-instaladas-ha-pelo-menos-quatro-anos\/","title":{"rendered":"Inqu\u00e9rito da Pol\u00edcia Civil revela que c\u00e2meras em im\u00f3vel alugado por deputada cearense Dayany Bittencourt foram instaladas h\u00e1 pelo menos quatro anos"},"content":{"rendered":"\n<p>A apura\u00e7\u00e3o feita pela Pol\u00edcia Civil do Distrito Federal revela que as c\u00e2meras escondidas no apartamento alugado pela\u00a0deputada\u00a0federal cearense Dayany\u00a0Bittencourt (Uni\u00e3o) foram instaladas h\u00e1 pelos menos quatro anos. O ex-propriet\u00e1rio do im\u00f3vel admitiu que instalou as c\u00e2meras. Ele, que morou no local de 2011 a 2020, disse ainda que nunca teve acesso \u00e0s imagens capturadas pelo sistema.<\/p>\n\n\n\n<p>Com os depoimentos na investiga\u00e7\u00e3o da Pol\u00edcia Civil, um dos relat\u00f3rios enviado ao delegado do caso aponta que Dayany n\u00e3o seria alvo de espionagem, j\u00e1 que as c\u00e2meras teriam sido instaladas muitos anos antes dela alugar o im\u00f3vel.<\/p>\n\n\n\n<p>As investiga\u00e7\u00f5es que estavam sob sigilo acerca do caso iniciaram ainda em 2023, no entanto, vieram a p\u00fablico nesta quarta-feira, dia 17 de abril, atrav\u00e9s da pr\u00f3pria deputada federal e seu marido Capit\u00e3o Wagner Souza, que \u00e9 pr\u00e9-candidato \u00e0 Prefeitura de Fortaleza pelo Uni\u00e3o Brasil.<br><\/p>\n\n\n\n<figure class=\"wp-block-image size-full\"><img loading=\"lazy\" decoding=\"async\" width=\"480\" height=\"269\" src=\"https:\/\/blogdorogeriogomes.com.br\/noticias\/wp-content\/uploads\/2024\/04\/img20240313115322394-2.webp\" alt=\"\" class=\"wp-image-32383\" srcset=\"https:\/\/blogdorogeriogomes.com.br\/noticias\/wp-content\/uploads\/2024\/04\/img20240313115322394-2.webp 480w, https:\/\/blogdorogeriogomes.com.br\/noticias\/wp-content\/uploads\/2024\/04\/img20240313115322394-2-300x168.webp 300w\" sizes=\"auto, (max-width: 480px) 100vw, 480px\" \/><\/figure>\n","protected":false},"excerpt":{"rendered":"<p>A apura\u00e7\u00e3o feita pela Pol\u00edcia Civil do Distrito Federal revela que as c\u00e2meras escondidas no apartamento alugado pela\u00a0deputada\u00a0federal cearense Dayany\u00a0Bittencourt (Uni\u00e3o) foram instaladas h\u00e1 pelos menos quatro anos. O ex-propriet\u00e1rio do im\u00f3vel admitiu que instalou as c\u00e2meras. Ele, que morou no local de 2011 a 2020, disse ainda que nunca teve acesso \u00e0s imagens capturadas pelo sistema. Com os depoimentos na investiga\u00e7\u00e3o da Pol\u00edcia Civil, um dos relat\u00f3rios enviado ao delegado do caso aponta que Dayany n\u00e3o seria alvo&hellip;<\/p>\n","protected":false},"author":1,"featured_media":32383,"comment_status":"open","ping_status":"open","sticky":false,"template":"","format":"standard","meta":{"footnotes":""},"categories":[1],"tags":[],"class_list":["post-32381","post","type-post","status-publish","format-standard","has-post-thumbnail","hentry","category-noticias"],"_links":{"self":[{"href":"https:\/\/blogdorogeriogomes.com.br\/noticias\/wp-json\/wp\/v2\/posts\/32381","targetHints":{"allow":["GET"]}}],"collection":[{"href":"https:\/\/blogdorogeriogomes.com.br\/noticias\/wp-json\/wp\/v2\/posts"}],"about":[{"href":"https:\/\/blogdorogeriogomes.com.br\/noticias\/wp-json\/wp\/v2\/types\/post"}],"author":[{"embeddable":true,"href":"https:\/\/blogdorogeriogomes.com.br\/noticias\/wp-json\/wp\/v2\/users\/1"}],"replies":[{"embeddable":true,"href":"https:\/\/blogdorogeriogomes.com.br\/noticias\/wp-json\/wp\/v2\/comments?post=32381"}],"version-history":[{"count":1,"href":"https:\/\/blogdorogeriogomes.com.br\/noticias\/wp-json\/wp\/v2\/posts\/32381\/revisions"}],"predecessor-version":[{"id":32384,"href":"https:\/\/blogdorogeriogomes.com.br\/noticias\/wp-json\/wp\/v2\/posts\/32381\/revisions\/32384"}],"wp:featuredmedia":[{"embeddable":true,"href":"https:\/\/blogdorogeriogomes.com.br\/noticias\/wp-json\/wp\/v2\/media\/32383"}],"wp:attachment":[{"href":"https:\/\/blogdorogeriogomes.com.br\/noticias\/wp-json\/wp\/v2\/media?parent=32381"}],"wp:term":[{"taxonomy":"category","embeddable":true,"href":"https:\/\/blogdorogeriogomes.com.br\/noticias\/wp-json\/wp\/v2\/categories?post=32381"},{"taxonomy":"post_tag","embeddable":true,"href":"https:\/\/blogdorogeriogomes.com.br\/noticias\/wp-json\/wp\/v2\/tags?post=32381"}],"curies":[{"name":"wp","href":"https:\/\/api.w.org\/{rel}","templated":true}]}}