{"id":32388,"date":"2024-04-20T12:37:59","date_gmt":"2024-04-20T12:37:59","guid":{"rendered":"https:\/\/blogdorogeriogomes.com.br\/noticias\/?p=32388"},"modified":"2024-04-20T12:37:59","modified_gmt":"2024-04-20T12:37:59","slug":"lula-fecha-a-semana-com-anuncio-de-novos-investimentos-da-honda-e-da-claro-no-pais-superiores-a-r-44-bilhoes","status":"publish","type":"post","link":"https:\/\/blogdorogeriogomes.com.br\/noticias\/2024\/04\/lula-fecha-a-semana-com-anuncio-de-novos-investimentos-da-honda-e-da-claro-no-pais-superiores-a-r-44-bilhoes\/","title":{"rendered":"Lula fecha a semana com an\u00fancio de novos investimentos da Honda e da Claro no Pa\u00eds superiores a R$ 44 bilh\u00f5es"},"content":{"rendered":"\n<p>O presidente Luiz In\u00e1cio Lula da Silva fechou a semana com mais dois grandes an\u00fancios de investimentos para o Pa\u00eds: um de R$ 40 bilh\u00f5es, anunciado pelo mexicano Carlos Slim, dono da Claro, e o de R$ 4,3 bilh\u00f5es, prometido pela Honda.<\/p>\n\n\n\n<p>&#8220;Recebi o empres\u00e1rio mexicano Carlos Slim, fundador do Grupo Am\u00e9rica M\u00f3vil (AMX), controlador da Claro. Na conversa, falamos sobre a expans\u00e3o da rede de fibra \u00f3tica e 5G no Brasil e das oportunidades de parcerias comerciais no setor de telecomunica\u00e7\u00f5es&#8221;, disse Lula. Slim anunciou o investimento estimado de R$ 40 bilh\u00f5es no pa\u00eds nos pr\u00f3ximos cinco anos no nosso pa\u00eds.<\/p>\n\n\n\n<p>J\u00e1 a Honda promete um novo ciclo de investimentos no Brasil. O presidente da Honda para a Am\u00e9rica do Sul, Arata Ichinose, anunciou o aporte de R$ 4,2 bilh\u00f5es para introdu\u00e7\u00e3o da tecnologia de ve\u00edculos h\u00edbridos e no desenvolvimento de cadeia de suprimentos-chave para esses modelos. A expectativa \u00e9 de criar 1,7 mil novos empregos diretos e mais de 3,5 mil indiretos.<\/p>\n\n\n\n<figure class=\"wp-block-image size-large\"><img loading=\"lazy\" decoding=\"async\" width=\"1024\" height=\"1018\" src=\"https:\/\/blogdorogeriogomes.com.br\/noticias\/wp-content\/uploads\/2024\/04\/IMG-20240420-WA0020-1024x1018.jpg\" alt=\"\" class=\"wp-image-32389\" srcset=\"https:\/\/blogdorogeriogomes.com.br\/noticias\/wp-content\/uploads\/2024\/04\/IMG-20240420-WA0020-1024x1018.jpg 1024w, https:\/\/blogdorogeriogomes.com.br\/noticias\/wp-content\/uploads\/2024\/04\/IMG-20240420-WA0020-300x298.jpg 300w, https:\/\/blogdorogeriogomes.com.br\/noticias\/wp-content\/uploads\/2024\/04\/IMG-20240420-WA0020-150x150.jpg 150w, https:\/\/blogdorogeriogomes.com.br\/noticias\/wp-content\/uploads\/2024\/04\/IMG-20240420-WA0020-768x764.jpg 768w, https:\/\/blogdorogeriogomes.com.br\/noticias\/wp-content\/uploads\/2024\/04\/IMG-20240420-WA0020-800x796.jpg 800w, https:\/\/blogdorogeriogomes.com.br\/noticias\/wp-content\/uploads\/2024\/04\/IMG-20240420-WA0020-250x250.jpg 250w, https:\/\/blogdorogeriogomes.com.br\/noticias\/wp-content\/uploads\/2024\/04\/IMG-20240420-WA0020.jpg 1080w\" sizes=\"auto, (max-width: 1024px) 100vw, 1024px\" \/><\/figure>\n\n\n\n<figure class=\"wp-block-image size-large\"><img loading=\"lazy\" decoding=\"async\" width=\"1024\" height=\"686\" src=\"https:\/\/blogdorogeriogomes.com.br\/noticias\/wp-content\/uploads\/2024\/04\/IMG-20240420-WA0021-1024x686.jpg\" alt=\"\" class=\"wp-image-32390\" srcset=\"https:\/\/blogdorogeriogomes.com.br\/noticias\/wp-content\/uploads\/2024\/04\/IMG-20240420-WA0021-1024x686.jpg 1024w, https:\/\/blogdorogeriogomes.com.br\/noticias\/wp-content\/uploads\/2024\/04\/IMG-20240420-WA0021-300x201.jpg 300w, https:\/\/blogdorogeriogomes.com.br\/noticias\/wp-content\/uploads\/2024\/04\/IMG-20240420-WA0021-768x515.jpg 768w, https:\/\/blogdorogeriogomes.com.br\/noticias\/wp-content\/uploads\/2024\/04\/IMG-20240420-WA0021-800x536.jpg 800w, https:\/\/blogdorogeriogomes.com.br\/noticias\/wp-content\/uploads\/2024\/04\/IMG-20240420-WA0021.jpg 1080w\" sizes=\"auto, (max-width: 1024px) 100vw, 1024px\" \/><\/figure>\n\n\n\n<p><\/p>\n","protected":false},"excerpt":{"rendered":"<p>O presidente Luiz In\u00e1cio Lula da Silva fechou a semana com mais dois grandes an\u00fancios de investimentos para o Pa\u00eds: um de R$ 40 bilh\u00f5es, anunciado pelo mexicano Carlos Slim, dono da Claro, e o de R$ 4,3 bilh\u00f5es, prometido pela Honda. &#8220;Recebi o empres\u00e1rio mexicano Carlos Slim, fundador do Grupo Am\u00e9rica M\u00f3vil (AMX), controlador da Claro. Na conversa, falamos sobre a expans\u00e3o da rede de fibra \u00f3tica e 5G no Brasil e das oportunidades de parcerias comerciais no&hellip;<\/p>\n","protected":false},"author":1,"featured_media":32390,"comment_status":"open","ping_status":"open","sticky":false,"template":"","format":"standard","meta":{"footnotes":""},"categories":[1],"tags":[],"class_list":["post-32388","post","type-post","status-publish","format-standard","has-post-thumbnail","hentry","category-noticias"],"_links":{"self":[{"href":"https:\/\/blogdorogeriogomes.com.br\/noticias\/wp-json\/wp\/v2\/posts\/32388","targetHints":{"allow":["GET"]}}],"collection":[{"href":"https:\/\/blogdorogeriogomes.com.br\/noticias\/wp-json\/wp\/v2\/posts"}],"about":[{"href":"https:\/\/blogdorogeriogomes.com.br\/noticias\/wp-json\/wp\/v2\/types\/post"}],"author":[{"embeddable":true,"href":"https:\/\/blogdorogeriogomes.com.br\/noticias\/wp-json\/wp\/v2\/users\/1"}],"replies":[{"embeddable":true,"href":"https:\/\/blogdorogeriogomes.com.br\/noticias\/wp-json\/wp\/v2\/comments?post=32388"}],"version-history":[{"count":1,"href":"https:\/\/blogdorogeriogomes.com.br\/noticias\/wp-json\/wp\/v2\/posts\/32388\/revisions"}],"predecessor-version":[{"id":32391,"href":"https:\/\/blogdorogeriogomes.com.br\/noticias\/wp-json\/wp\/v2\/posts\/32388\/revisions\/32391"}],"wp:featuredmedia":[{"embeddable":true,"href":"https:\/\/blogdorogeriogomes.com.br\/noticias\/wp-json\/wp\/v2\/media\/32390"}],"wp:attachment":[{"href":"https:\/\/blogdorogeriogomes.com.br\/noticias\/wp-json\/wp\/v2\/media?parent=32388"}],"wp:term":[{"taxonomy":"category","embeddable":true,"href":"https:\/\/blogdorogeriogomes.com.br\/noticias\/wp-json\/wp\/v2\/categories?post=32388"},{"taxonomy":"post_tag","embeddable":true,"href":"https:\/\/blogdorogeriogomes.com.br\/noticias\/wp-json\/wp\/v2\/tags?post=32388"}],"curies":[{"name":"wp","href":"https:\/\/api.w.org\/{rel}","templated":true}]}}