{"id":32398,"date":"2024-04-22T11:03:27","date_gmt":"2024-04-22T11:03:27","guid":{"rendered":"https:\/\/blogdorogeriogomes.com.br\/noticias\/?p=32398"},"modified":"2024-04-22T11:03:28","modified_gmt":"2024-04-22T11:03:28","slug":"manifestacao-de-bolsonaro-em-copacabana-reune-menos-que-o-esperado-e-revela-estrategia-da-extrema-direita-com-elon-musk","status":"publish","type":"post","link":"https:\/\/blogdorogeriogomes.com.br\/noticias\/2024\/04\/manifestacao-de-bolsonaro-em-copacabana-reune-menos-que-o-esperado-e-revela-estrategia-da-extrema-direita-com-elon-musk\/","title":{"rendered":"Manifesta\u00e7\u00e3o de Bolsonaro em Copacabana re\u00fane menos que o esperado e revela estrat\u00e9gia da extrema-direita com Elon Musk"},"content":{"rendered":"\n<p>A manifesta\u00e7\u00e3o comandada pelo ex-presidente Jair Bolsonaro neste domingo, dia 21 de abril, n\u00e3o reuniu a quantidade de pessoas esperada pelos organizadores. A estimativa \u00e9 que o ato reuniu 32.750 pessoas, segundo o Monitor do Debate Pol\u00edtico no Meio Digital, da Universidade de S\u00e3o Paulo (USP). \u00c9 um n\u00famero de pessoas que equivale a 17% do p\u00fablico na manifesta\u00e7\u00e3o na Avenida Paulista, em S\u00e3o Paulo, no \u00faltimo m\u00eas de fevereiro (185 mil).<\/p>\n\n\n\n<p>O ato foi marcado por acusa\u00e7\u00f5es de parcialidade contra o ministro Alexandre de Moraes, do Supremo Tribunal Federal (STF), cr\u00edticas ao governo do presidente Luiz In\u00e1cio Lula da Silva (PT) e ao presidente do Congresso, Rodrigo Pacheco (PSD-MG) e por manifesta\u00e7\u00f5es de gratid\u00e3o ao empres\u00e1rio Elon Musk, dono do X, da Tesla, da SpaceX e da rede de sat\u00e9lites Starlink. A estrat\u00e9gia de elogiar as cr\u00edticas de Musk \u00e0s a\u00e7\u00f5es do STF revela um movimento de extrema-direita no mundo em atacar institui\u00e7\u00f5es que defendem o Estado Democr\u00e1tico de Direito.<\/p>\n\n\n\n<figure class=\"wp-block-image size-full\"><img loading=\"lazy\" decoding=\"async\" width=\"640\" height=\"480\" src=\"https:\/\/blogdorogeriogomes.com.br\/noticias\/wp-content\/uploads\/2024\/04\/images-81.jpeg\" alt=\"\" class=\"wp-image-32399\" srcset=\"https:\/\/blogdorogeriogomes.com.br\/noticias\/wp-content\/uploads\/2024\/04\/images-81.jpeg 640w, https:\/\/blogdorogeriogomes.com.br\/noticias\/wp-content\/uploads\/2024\/04\/images-81-300x225.jpeg 300w, https:\/\/blogdorogeriogomes.com.br\/noticias\/wp-content\/uploads\/2024\/04\/images-81-400x300.jpeg 400w\" sizes=\"auto, (max-width: 640px) 100vw, 640px\" \/><\/figure>\n","protected":false},"excerpt":{"rendered":"<p>A manifesta\u00e7\u00e3o comandada pelo ex-presidente Jair Bolsonaro neste domingo, dia 21 de abril, n\u00e3o reuniu a quantidade de pessoas esperada pelos organizadores. A estimativa \u00e9 que o ato reuniu 32.750 pessoas, segundo o Monitor do Debate Pol\u00edtico no Meio Digital, da Universidade de S\u00e3o Paulo (USP). \u00c9 um n\u00famero de pessoas que equivale a 17% do p\u00fablico na manifesta\u00e7\u00e3o na Avenida Paulista, em S\u00e3o Paulo, no \u00faltimo m\u00eas de fevereiro (185 mil). O ato foi marcado por acusa\u00e7\u00f5es de&hellip;<\/p>\n","protected":false},"author":1,"featured_media":32399,"comment_status":"open","ping_status":"open","sticky":false,"template":"","format":"standard","meta":{"footnotes":""},"categories":[1],"tags":[],"class_list":["post-32398","post","type-post","status-publish","format-standard","has-post-thumbnail","hentry","category-noticias"],"_links":{"self":[{"href":"https:\/\/blogdorogeriogomes.com.br\/noticias\/wp-json\/wp\/v2\/posts\/32398","targetHints":{"allow":["GET"]}}],"collection":[{"href":"https:\/\/blogdorogeriogomes.com.br\/noticias\/wp-json\/wp\/v2\/posts"}],"about":[{"href":"https:\/\/blogdorogeriogomes.com.br\/noticias\/wp-json\/wp\/v2\/types\/post"}],"author":[{"embeddable":true,"href":"https:\/\/blogdorogeriogomes.com.br\/noticias\/wp-json\/wp\/v2\/users\/1"}],"replies":[{"embeddable":true,"href":"https:\/\/blogdorogeriogomes.com.br\/noticias\/wp-json\/wp\/v2\/comments?post=32398"}],"version-history":[{"count":1,"href":"https:\/\/blogdorogeriogomes.com.br\/noticias\/wp-json\/wp\/v2\/posts\/32398\/revisions"}],"predecessor-version":[{"id":32400,"href":"https:\/\/blogdorogeriogomes.com.br\/noticias\/wp-json\/wp\/v2\/posts\/32398\/revisions\/32400"}],"wp:featuredmedia":[{"embeddable":true,"href":"https:\/\/blogdorogeriogomes.com.br\/noticias\/wp-json\/wp\/v2\/media\/32399"}],"wp:attachment":[{"href":"https:\/\/blogdorogeriogomes.com.br\/noticias\/wp-json\/wp\/v2\/media?parent=32398"}],"wp:term":[{"taxonomy":"category","embeddable":true,"href":"https:\/\/blogdorogeriogomes.com.br\/noticias\/wp-json\/wp\/v2\/categories?post=32398"},{"taxonomy":"post_tag","embeddable":true,"href":"https:\/\/blogdorogeriogomes.com.br\/noticias\/wp-json\/wp\/v2\/tags?post=32398"}],"curies":[{"name":"wp","href":"https:\/\/api.w.org\/{rel}","templated":true}]}}