{"id":32401,"date":"2024-04-22T11:19:27","date_gmt":"2024-04-22T11:19:27","guid":{"rendered":"https:\/\/blogdorogeriogomes.com.br\/noticias\/?p=32401"},"modified":"2024-04-22T11:19:27","modified_gmt":"2024-04-22T11:19:27","slug":"governo-federal-lanca-programa-desenrola-para-pequenos-negocios-nesta-segunda-feira","status":"publish","type":"post","link":"https:\/\/blogdorogeriogomes.com.br\/noticias\/2024\/04\/governo-federal-lanca-programa-desenrola-para-pequenos-negocios-nesta-segunda-feira\/","title":{"rendered":"Governo Federal lan\u00e7a programa Desenrola para pequenos neg\u00f3cios nesta segunda-feira"},"content":{"rendered":"\n<p>O presidente Luiz In\u00e1cio Lula da Silva assina nesta segunda-feira, dia 22 de abril, a medida provis\u00f3ria (MP) que vai criar um novo programa de cr\u00e9dito para micro e pequenos empres\u00e1rios, al\u00e9m de um Desenrola para pessoas jur\u00eddicas renegociarem d\u00edvidas.<\/p>\n\n\n\n<p>A medida tamb\u00e9m incluir\u00e1 a possibilidade de benefici\u00e1rios do Bolsa Fam\u00edlia captarem financiamentos e se formalizarem como Microempreendedores Individuais (MEIs).<\/p>\n\n\n\n<p>Ao menos 25 milh\u00f5es de CNPJs ser\u00e3o beneficiados com o programa de financiamento facilitado e de renegocia\u00e7\u00e3o. Entre as linhas de cr\u00e9dito, uma ser\u00e1 para micro empres\u00e1rios j\u00e1 formalizados.<\/p>\n\n\n\n<p>Segundo o ministro das Micro e Pequenas Empresas, M\u00e1rcio Fran\u00e7a, o programa funcionar\u00e1 de forma semelhante ao Desenrola Brasil, que renegociou d\u00edvidas de mais de 14 milh\u00f5es de pessoas f\u00edsicas.<\/p>\n\n\n\n<figure class=\"wp-block-image size-full\"><img loading=\"lazy\" decoding=\"async\" width=\"1024\" height=\"512\" src=\"https:\/\/blogdorogeriogomes.com.br\/noticias\/wp-content\/uploads\/2024\/04\/Lula-nao-pensa-duas-vezes-e-cria-nova-medida-para-ajudar-brasileiros-que-tem-dividas-voce-sera-contemplado-1024x512-1.jpg\" alt=\"\" class=\"wp-image-32402\" srcset=\"https:\/\/blogdorogeriogomes.com.br\/noticias\/wp-content\/uploads\/2024\/04\/Lula-nao-pensa-duas-vezes-e-cria-nova-medida-para-ajudar-brasileiros-que-tem-dividas-voce-sera-contemplado-1024x512-1.jpg 1024w, https:\/\/blogdorogeriogomes.com.br\/noticias\/wp-content\/uploads\/2024\/04\/Lula-nao-pensa-duas-vezes-e-cria-nova-medida-para-ajudar-brasileiros-que-tem-dividas-voce-sera-contemplado-1024x512-1-300x150.jpg 300w, https:\/\/blogdorogeriogomes.com.br\/noticias\/wp-content\/uploads\/2024\/04\/Lula-nao-pensa-duas-vezes-e-cria-nova-medida-para-ajudar-brasileiros-que-tem-dividas-voce-sera-contemplado-1024x512-1-768x384.jpg 768w, https:\/\/blogdorogeriogomes.com.br\/noticias\/wp-content\/uploads\/2024\/04\/Lula-nao-pensa-duas-vezes-e-cria-nova-medida-para-ajudar-brasileiros-que-tem-dividas-voce-sera-contemplado-1024x512-1-800x400.jpg 800w\" sizes=\"auto, (max-width: 1024px) 100vw, 1024px\" \/><\/figure>\n","protected":false},"excerpt":{"rendered":"<p>O presidente Luiz In\u00e1cio Lula da Silva assina nesta segunda-feira, dia 22 de abril, a medida provis\u00f3ria (MP) que vai criar um novo programa de cr\u00e9dito para micro e pequenos empres\u00e1rios, al\u00e9m de um Desenrola para pessoas jur\u00eddicas renegociarem d\u00edvidas. A medida tamb\u00e9m incluir\u00e1 a possibilidade de benefici\u00e1rios do Bolsa Fam\u00edlia captarem financiamentos e se formalizarem como Microempreendedores Individuais (MEIs). Ao menos 25 milh\u00f5es de CNPJs ser\u00e3o beneficiados com o programa de financiamento facilitado e de renegocia\u00e7\u00e3o. Entre as&hellip;<\/p>\n","protected":false},"author":1,"featured_media":32402,"comment_status":"open","ping_status":"open","sticky":false,"template":"","format":"standard","meta":{"footnotes":""},"categories":[1],"tags":[],"class_list":["post-32401","post","type-post","status-publish","format-standard","has-post-thumbnail","hentry","category-noticias"],"_links":{"self":[{"href":"https:\/\/blogdorogeriogomes.com.br\/noticias\/wp-json\/wp\/v2\/posts\/32401","targetHints":{"allow":["GET"]}}],"collection":[{"href":"https:\/\/blogdorogeriogomes.com.br\/noticias\/wp-json\/wp\/v2\/posts"}],"about":[{"href":"https:\/\/blogdorogeriogomes.com.br\/noticias\/wp-json\/wp\/v2\/types\/post"}],"author":[{"embeddable":true,"href":"https:\/\/blogdorogeriogomes.com.br\/noticias\/wp-json\/wp\/v2\/users\/1"}],"replies":[{"embeddable":true,"href":"https:\/\/blogdorogeriogomes.com.br\/noticias\/wp-json\/wp\/v2\/comments?post=32401"}],"version-history":[{"count":1,"href":"https:\/\/blogdorogeriogomes.com.br\/noticias\/wp-json\/wp\/v2\/posts\/32401\/revisions"}],"predecessor-version":[{"id":32403,"href":"https:\/\/blogdorogeriogomes.com.br\/noticias\/wp-json\/wp\/v2\/posts\/32401\/revisions\/32403"}],"wp:featuredmedia":[{"embeddable":true,"href":"https:\/\/blogdorogeriogomes.com.br\/noticias\/wp-json\/wp\/v2\/media\/32402"}],"wp:attachment":[{"href":"https:\/\/blogdorogeriogomes.com.br\/noticias\/wp-json\/wp\/v2\/media?parent=32401"}],"wp:term":[{"taxonomy":"category","embeddable":true,"href":"https:\/\/blogdorogeriogomes.com.br\/noticias\/wp-json\/wp\/v2\/categories?post=32401"},{"taxonomy":"post_tag","embeddable":true,"href":"https:\/\/blogdorogeriogomes.com.br\/noticias\/wp-json\/wp\/v2\/tags?post=32401"}],"curies":[{"name":"wp","href":"https:\/\/api.w.org\/{rel}","templated":true}]}}