{"id":32414,"date":"2024-04-23T10:24:23","date_gmt":"2024-04-23T10:24:23","guid":{"rendered":"https:\/\/blogdorogeriogomes.com.br\/noticias\/?p=32414"},"modified":"2024-04-23T10:24:24","modified_gmt":"2024-04-23T10:24:24","slug":"governador-elmano-de-freitas-visita-comunidades-atingidas-pelas-chuvas-em-morada-nova-e-reforca-apoio-as-familias","status":"publish","type":"post","link":"https:\/\/blogdorogeriogomes.com.br\/noticias\/2024\/04\/governador-elmano-de-freitas-visita-comunidades-atingidas-pelas-chuvas-em-morada-nova-e-reforca-apoio-as-familias\/","title":{"rendered":"Governador Elmano de Freitas visita comunidades atingidas pelas chuvas em Morada Nova e refor\u00e7a apoio \u00e0s fam\u00edlias"},"content":{"rendered":"\n<p>Algumas cidades do interior do Cear\u00e1 j\u00e1 come\u00e7am a sofrer preju\u00edzos com chuvas mais intensas. Nesta segunda-feira, dia 22 de abril, o governador Elmano de Freitas visitou comunidades atingidas pelas fortes chuvas registradas em Morada Nova, no Vale do Jaguaribe, durante o fim de semana. Acompanharam a visita, o prefeito de Morada Nova, Wanderley Nogueira, secret\u00e1rios de Estado, a senadora Jana\u00edna Farias e outras autoridades. <\/p>\n\n\n\n<p>Cerca de mil fam\u00edlias foram afetadas por alagamentos e interrup\u00e7\u00e3o de servi\u00e7os como telefonia e transporte. 150 fam\u00edlias ficaram desalojadas, mas j\u00e1 foram encaminhadas para abrigos p\u00fablicos ou casas de familiares. Os bairros mais prejudicados est\u00e3o na \u00e1rea central da cidade: Parque de Exposi\u00e7\u00e3o; 2 de agosto; Pedra e Cal; e Padre Assis Monteiro.<\/p>\n\n\n\n<p>Al\u00e9m da ajuda humanit\u00e1ria, que j\u00e1 entregou cestas b\u00e1sicas, kits de higiene e colch\u00f5es, tamb\u00e9m foram realizadas visitas t\u00e9cnicas a reservat\u00f3rios.<\/p>\n\n\n\n<figure class=\"wp-block-image size-large\"><img loading=\"lazy\" decoding=\"async\" width=\"1024\" height=\"683\" src=\"https:\/\/blogdorogeriogomes.com.br\/noticias\/wp-content\/uploads\/2024\/04\/20240422120554__MG_8210-1200x800-1-1024x683.jpg\" alt=\"\" class=\"wp-image-32415\" srcset=\"https:\/\/blogdorogeriogomes.com.br\/noticias\/wp-content\/uploads\/2024\/04\/20240422120554__MG_8210-1200x800-1-1024x683.jpg 1024w, https:\/\/blogdorogeriogomes.com.br\/noticias\/wp-content\/uploads\/2024\/04\/20240422120554__MG_8210-1200x800-1-300x200.jpg 300w, https:\/\/blogdorogeriogomes.com.br\/noticias\/wp-content\/uploads\/2024\/04\/20240422120554__MG_8210-1200x800-1-768x512.jpg 768w, https:\/\/blogdorogeriogomes.com.br\/noticias\/wp-content\/uploads\/2024\/04\/20240422120554__MG_8210-1200x800-1-800x533.jpg 800w, https:\/\/blogdorogeriogomes.com.br\/noticias\/wp-content\/uploads\/2024\/04\/20240422120554__MG_8210-1200x800-1.jpg 1200w\" sizes=\"auto, (max-width: 1024px) 100vw, 1024px\" \/><\/figure>\n","protected":false},"excerpt":{"rendered":"<p>Algumas cidades do interior do Cear\u00e1 j\u00e1 come\u00e7am a sofrer preju\u00edzos com chuvas mais intensas. Nesta segunda-feira, dia 22 de abril, o governador Elmano de Freitas visitou comunidades atingidas pelas fortes chuvas registradas em Morada Nova, no Vale do Jaguaribe, durante o fim de semana. Acompanharam a visita, o prefeito de Morada Nova, Wanderley Nogueira, secret\u00e1rios de Estado, a senadora Jana\u00edna Farias e outras autoridades. Cerca de mil fam\u00edlias foram afetadas por alagamentos e interrup\u00e7\u00e3o de servi\u00e7os como telefonia&hellip;<\/p>\n","protected":false},"author":1,"featured_media":32415,"comment_status":"open","ping_status":"open","sticky":false,"template":"","format":"standard","meta":{"footnotes":""},"categories":[1],"tags":[],"class_list":["post-32414","post","type-post","status-publish","format-standard","has-post-thumbnail","hentry","category-noticias"],"_links":{"self":[{"href":"https:\/\/blogdorogeriogomes.com.br\/noticias\/wp-json\/wp\/v2\/posts\/32414","targetHints":{"allow":["GET"]}}],"collection":[{"href":"https:\/\/blogdorogeriogomes.com.br\/noticias\/wp-json\/wp\/v2\/posts"}],"about":[{"href":"https:\/\/blogdorogeriogomes.com.br\/noticias\/wp-json\/wp\/v2\/types\/post"}],"author":[{"embeddable":true,"href":"https:\/\/blogdorogeriogomes.com.br\/noticias\/wp-json\/wp\/v2\/users\/1"}],"replies":[{"embeddable":true,"href":"https:\/\/blogdorogeriogomes.com.br\/noticias\/wp-json\/wp\/v2\/comments?post=32414"}],"version-history":[{"count":1,"href":"https:\/\/blogdorogeriogomes.com.br\/noticias\/wp-json\/wp\/v2\/posts\/32414\/revisions"}],"predecessor-version":[{"id":32416,"href":"https:\/\/blogdorogeriogomes.com.br\/noticias\/wp-json\/wp\/v2\/posts\/32414\/revisions\/32416"}],"wp:featuredmedia":[{"embeddable":true,"href":"https:\/\/blogdorogeriogomes.com.br\/noticias\/wp-json\/wp\/v2\/media\/32415"}],"wp:attachment":[{"href":"https:\/\/blogdorogeriogomes.com.br\/noticias\/wp-json\/wp\/v2\/media?parent=32414"}],"wp:term":[{"taxonomy":"category","embeddable":true,"href":"https:\/\/blogdorogeriogomes.com.br\/noticias\/wp-json\/wp\/v2\/categories?post=32414"},{"taxonomy":"post_tag","embeddable":true,"href":"https:\/\/blogdorogeriogomes.com.br\/noticias\/wp-json\/wp\/v2\/tags?post=32414"}],"curies":[{"name":"wp","href":"https:\/\/api.w.org\/{rel}","templated":true}]}}