{"id":32420,"date":"2024-04-23T19:16:39","date_gmt":"2024-04-23T19:16:39","guid":{"rendered":"https:\/\/blogdorogeriogomes.com.br\/noticias\/?p=32420"},"modified":"2024-04-23T19:16:40","modified_gmt":"2024-04-23T19:16:40","slug":"troca-de-farpas-entre-elmano-e-sarto-apos-assassinato-no-ijf-revela-clima-pre-eleitoral-tenso-pm-prendeu-acusado-do-homicidio","status":"publish","type":"post","link":"https:\/\/blogdorogeriogomes.com.br\/noticias\/2024\/04\/troca-de-farpas-entre-elmano-e-sarto-apos-assassinato-no-ijf-revela-clima-pre-eleitoral-tenso-pm-prendeu-acusado-do-homicidio\/","title":{"rendered":"Troca de farpas entre Elmano e Sarto ap\u00f3s assassinato no IJF revela clima pr\u00e9-eleitoral tenso. PM prendeu acusado do homic\u00eddio"},"content":{"rendered":"\n<p>O assassinato de um servidor terceirizado dentro do Instituto Jos\u00e9 Frota, em Fortaleza, na manh\u00e3 desta ter\u00e7a-feira, dia 23 de abril, provocou uma troca de farpas atrav\u00e9s das redes sociais entre o governador do Cear\u00e1, Elmano de Freitas (PT), e o prefeito de Fortaleza, Jos\u00e9 Sarto (PDT), tendo como tema a pol\u00edtica de seguran\u00e7a p\u00fablica.<\/p>\n\n\n\n<p>Sarto criticou \u201ca paralisia do Governo do Estado no combate \u00e0s fac\u00e7\u00f5es\u201d, apontando que \u201cn\u00e3o parece ser apenas incompet\u00eancia, mas tamb\u00e9m cumplicidade\u201d. Aliados do prefeito tamb\u00e9m fizeram cr\u00edticas semelhantes nas redes sociais.<\/p>\n\n\n\n<p>A Pol\u00edcia Militar apontou que o motivo do crime foi passional. O acusado do homic\u00eddio foi funcion\u00e1rio do IJF e depois demitido. Mesmo um ano depois, conseguiu entrar no hospital atrav\u00e9s de reconhecimento facial. Ele foi preso pela Pol\u00edcia ainda \u00e0 tarde, em Aquiraz.<\/p>\n\n\n\n<p>Tamb\u00e9m atrav\u00e9s das redes sociais, Elmano de Freitas afirmou lamentar a conduta de Jos\u00e9 Sarto. &#8220;Ele foi irrespons\u00e1vel e oportunista\u201d, por buscar \u201ccriar um fato pol\u00edtico em cima de uma trag\u00e9dia\u201d ao dizer que o crime ocorreu por conta da atua\u00e7\u00e3o de fac\u00e7\u00f5es.\u00a0&#8220;E ainda fala, levianamente, de cumplicidade do estado. Em respeito aos cearenses, n\u00e3o entrarei nesse jogo de baixaria do prefeito, que n\u00e3o est\u00e1 preocupado em resolver os problemas, mas pensando unicamente em sua reelei\u00e7\u00e3o\u201d.<\/p>\n\n\n\n<figure class=\"wp-block-image size-full\"><img loading=\"lazy\" decoding=\"async\" width=\"678\" height=\"452\" src=\"https:\/\/blogdorogeriogomes.com.br\/noticias\/wp-content\/uploads\/2024\/04\/images-85.jpeg\" alt=\"\" class=\"wp-image-32421\" srcset=\"https:\/\/blogdorogeriogomes.com.br\/noticias\/wp-content\/uploads\/2024\/04\/images-85.jpeg 678w, https:\/\/blogdorogeriogomes.com.br\/noticias\/wp-content\/uploads\/2024\/04\/images-85-300x200.jpeg 300w\" sizes=\"auto, (max-width: 678px) 100vw, 678px\" \/><\/figure>\n","protected":false},"excerpt":{"rendered":"<p>O assassinato de um servidor terceirizado dentro do Instituto Jos\u00e9 Frota, em Fortaleza, na manh\u00e3 desta ter\u00e7a-feira, dia 23 de abril, provocou uma troca de farpas atrav\u00e9s das redes sociais entre o governador do Cear\u00e1, Elmano de Freitas (PT), e o prefeito de Fortaleza, Jos\u00e9 Sarto (PDT), tendo como tema a pol\u00edtica de seguran\u00e7a p\u00fablica. Sarto criticou \u201ca paralisia do Governo do Estado no combate \u00e0s fac\u00e7\u00f5es\u201d, apontando que \u201cn\u00e3o parece ser apenas incompet\u00eancia, mas tamb\u00e9m cumplicidade\u201d. Aliados do&hellip;<\/p>\n","protected":false},"author":1,"featured_media":32421,"comment_status":"open","ping_status":"open","sticky":false,"template":"","format":"standard","meta":{"footnotes":""},"categories":[1],"tags":[],"class_list":["post-32420","post","type-post","status-publish","format-standard","has-post-thumbnail","hentry","category-noticias"],"_links":{"self":[{"href":"https:\/\/blogdorogeriogomes.com.br\/noticias\/wp-json\/wp\/v2\/posts\/32420","targetHints":{"allow":["GET"]}}],"collection":[{"href":"https:\/\/blogdorogeriogomes.com.br\/noticias\/wp-json\/wp\/v2\/posts"}],"about":[{"href":"https:\/\/blogdorogeriogomes.com.br\/noticias\/wp-json\/wp\/v2\/types\/post"}],"author":[{"embeddable":true,"href":"https:\/\/blogdorogeriogomes.com.br\/noticias\/wp-json\/wp\/v2\/users\/1"}],"replies":[{"embeddable":true,"href":"https:\/\/blogdorogeriogomes.com.br\/noticias\/wp-json\/wp\/v2\/comments?post=32420"}],"version-history":[{"count":1,"href":"https:\/\/blogdorogeriogomes.com.br\/noticias\/wp-json\/wp\/v2\/posts\/32420\/revisions"}],"predecessor-version":[{"id":32422,"href":"https:\/\/blogdorogeriogomes.com.br\/noticias\/wp-json\/wp\/v2\/posts\/32420\/revisions\/32422"}],"wp:featuredmedia":[{"embeddable":true,"href":"https:\/\/blogdorogeriogomes.com.br\/noticias\/wp-json\/wp\/v2\/media\/32421"}],"wp:attachment":[{"href":"https:\/\/blogdorogeriogomes.com.br\/noticias\/wp-json\/wp\/v2\/media?parent=32420"}],"wp:term":[{"taxonomy":"category","embeddable":true,"href":"https:\/\/blogdorogeriogomes.com.br\/noticias\/wp-json\/wp\/v2\/categories?post=32420"},{"taxonomy":"post_tag","embeddable":true,"href":"https:\/\/blogdorogeriogomes.com.br\/noticias\/wp-json\/wp\/v2\/tags?post=32420"}],"curies":[{"name":"wp","href":"https:\/\/api.w.org\/{rel}","templated":true}]}}