{"id":32424,"date":"2024-04-24T10:27:08","date_gmt":"2024-04-24T10:27:08","guid":{"rendered":"https:\/\/blogdorogeriogomes.com.br\/noticias\/?p=32424"},"modified":"2024-04-24T10:27:09","modified_gmt":"2024-04-24T10:27:09","slug":"evandro-leitao-sai-em-defesa-de-fernando-santana-na-presidencia-da-cpi-da-enel-presidente-da-empresa-sera-ouvido-nesta-quarta-feira-na-alece","status":"publish","type":"post","link":"https:\/\/blogdorogeriogomes.com.br\/noticias\/2024\/04\/evandro-leitao-sai-em-defesa-de-fernando-santana-na-presidencia-da-cpi-da-enel-presidente-da-empresa-sera-ouvido-nesta-quarta-feira-na-alece\/","title":{"rendered":"Evandro Leit\u00e3o sai em defesa de Fernando Santana na presid\u00eancia da CPI da Enel. Presidente da empresa ser\u00e1 ouvido nesta quarta-feira na Alece"},"content":{"rendered":"\n<p>O presidente da Assembleia Legislativa do Cear\u00e1, Evandro Leit\u00e3o (PT) afirmou que n\u00e3o vai tirar o deputado estadual Fernando Santana (PT) da presid\u00eancia da Comiss\u00e3o Parlamentar de Inqu\u00e9rito (CPI) que investiga a Enel Cear\u00e1. O presidente estadual do Uni\u00e3o Brasil, o ex-deputado federal Capit\u00e3o Wagner, informou que o partido apresentaria requerimento pedindo o afastamento de Santana do cargo. A justificativa \u00e9 de que Fernando Santana seria, supostamente, um dos intermediadores de patroc\u00ednio entre a Prefeitura de Barbalha e a Enel Cear\u00e1 para a festa do Pau da Bandeira. A informa\u00e7\u00e3o, no entanto, foi negada tanto por Fernando Santana como pelo novo diretor-presidente da Enel Cear\u00e1, Jos\u00e9 Nunes de Almeida.<\/p>\n\n\n\n<p>Nesta quarta-feira , dia 24 de abril, a Comiss\u00e3o Parlamentar de Inqu\u00e9rito (CPI) que investiga supostas irregularidades e abusos por parte da Enel Distribui\u00e7\u00e3o Cear\u00e1 vai ouvir o diretor-presidente da empresa, Jos\u00e9 Nunes de Almeida, e o presidente nacional da Enel, Ant\u00f4nio Scala.<\/p>\n\n\n\n<figure class=\"wp-block-image size-full\"><img loading=\"lazy\" decoding=\"async\" width=\"764\" height=\"401\" src=\"https:\/\/blogdorogeriogomes.com.br\/noticias\/wp-content\/uploads\/2024\/04\/images-86.jpeg\" alt=\"\" class=\"wp-image-32425\" srcset=\"https:\/\/blogdorogeriogomes.com.br\/noticias\/wp-content\/uploads\/2024\/04\/images-86.jpeg 764w, https:\/\/blogdorogeriogomes.com.br\/noticias\/wp-content\/uploads\/2024\/04\/images-86-300x157.jpeg 300w\" sizes=\"auto, (max-width: 764px) 100vw, 764px\" \/><\/figure>\n","protected":false},"excerpt":{"rendered":"<p>O presidente da Assembleia Legislativa do Cear\u00e1, Evandro Leit\u00e3o (PT) afirmou que n\u00e3o vai tirar o deputado estadual Fernando Santana (PT) da presid\u00eancia da Comiss\u00e3o Parlamentar de Inqu\u00e9rito (CPI) que investiga a Enel Cear\u00e1. O presidente estadual do Uni\u00e3o Brasil, o ex-deputado federal Capit\u00e3o Wagner, informou que o partido apresentaria requerimento pedindo o afastamento de Santana do cargo. A justificativa \u00e9 de que Fernando Santana seria, supostamente, um dos intermediadores de patroc\u00ednio entre a Prefeitura de Barbalha e a&hellip;<\/p>\n","protected":false},"author":1,"featured_media":32425,"comment_status":"open","ping_status":"open","sticky":false,"template":"","format":"standard","meta":{"footnotes":""},"categories":[1],"tags":[],"class_list":["post-32424","post","type-post","status-publish","format-standard","has-post-thumbnail","hentry","category-noticias"],"_links":{"self":[{"href":"https:\/\/blogdorogeriogomes.com.br\/noticias\/wp-json\/wp\/v2\/posts\/32424","targetHints":{"allow":["GET"]}}],"collection":[{"href":"https:\/\/blogdorogeriogomes.com.br\/noticias\/wp-json\/wp\/v2\/posts"}],"about":[{"href":"https:\/\/blogdorogeriogomes.com.br\/noticias\/wp-json\/wp\/v2\/types\/post"}],"author":[{"embeddable":true,"href":"https:\/\/blogdorogeriogomes.com.br\/noticias\/wp-json\/wp\/v2\/users\/1"}],"replies":[{"embeddable":true,"href":"https:\/\/blogdorogeriogomes.com.br\/noticias\/wp-json\/wp\/v2\/comments?post=32424"}],"version-history":[{"count":1,"href":"https:\/\/blogdorogeriogomes.com.br\/noticias\/wp-json\/wp\/v2\/posts\/32424\/revisions"}],"predecessor-version":[{"id":32426,"href":"https:\/\/blogdorogeriogomes.com.br\/noticias\/wp-json\/wp\/v2\/posts\/32424\/revisions\/32426"}],"wp:featuredmedia":[{"embeddable":true,"href":"https:\/\/blogdorogeriogomes.com.br\/noticias\/wp-json\/wp\/v2\/media\/32425"}],"wp:attachment":[{"href":"https:\/\/blogdorogeriogomes.com.br\/noticias\/wp-json\/wp\/v2\/media?parent=32424"}],"wp:term":[{"taxonomy":"category","embeddable":true,"href":"https:\/\/blogdorogeriogomes.com.br\/noticias\/wp-json\/wp\/v2\/categories?post=32424"},{"taxonomy":"post_tag","embeddable":true,"href":"https:\/\/blogdorogeriogomes.com.br\/noticias\/wp-json\/wp\/v2\/tags?post=32424"}],"curies":[{"name":"wp","href":"https:\/\/api.w.org\/{rel}","templated":true}]}}