{"id":32430,"date":"2024-04-24T10:58:34","date_gmt":"2024-04-24T10:58:34","guid":{"rendered":"https:\/\/blogdorogeriogomes.com.br\/noticias\/?p=32430"},"modified":"2024-04-24T10:58:35","modified_gmt":"2024-04-24T10:58:35","slug":"apos-reclamacao-de-moradores-prefeitura-de-fortaleza-decide-manter-mercado-da-aerolandia-no-bairro","status":"publish","type":"post","link":"https:\/\/blogdorogeriogomes.com.br\/noticias\/2024\/04\/apos-reclamacao-de-moradores-prefeitura-de-fortaleza-decide-manter-mercado-da-aerolandia-no-bairro\/","title":{"rendered":"Apos reclama\u00e7\u00e3o de moradores, Prefeitura de Fortaleza decide manter Mercado da Aerol\u00e2ndia no bairro"},"content":{"rendered":"\n<p>Depois de v\u00e1rias reclama\u00e7\u00f5es de moradores, a Prefeitura de Fortaleza desistiu do projeto de juntar as estruturas de ferro dos mercados da Aerol\u00e2ndia e dos Pinh\u00f5es em um s\u00f3 lugar. O Mercado da Aerol\u00e2ndia vai permanecer no bairro e passar\u00e1 por restaura\u00e7\u00e3o. <\/p>\n\n\n\n<p>A decis\u00e3o veio ap\u00f3s uma reuni\u00e3o com moradores e representantes da Prefeitura da Capital, nesta ter\u00e7a-feira, dia 23 de abril. O titular da\u00a0Secretaria\u00a0Municipal da Infraestrutura (Seinf), Samuel Dias, esteve presente no encontro.\u00a0<br><\/p>\n\n\n\n<figure class=\"wp-block-image size-full\"><img loading=\"lazy\" decoding=\"async\" width=\"506\" height=\"360\" src=\"https:\/\/blogdorogeriogomes.com.br\/noticias\/wp-content\/uploads\/2024\/04\/1__mercados_da_aerolandia__6-26505547.jpg\" alt=\"\" class=\"wp-image-32431\" srcset=\"https:\/\/blogdorogeriogomes.com.br\/noticias\/wp-content\/uploads\/2024\/04\/1__mercados_da_aerolandia__6-26505547.jpg 506w, https:\/\/blogdorogeriogomes.com.br\/noticias\/wp-content\/uploads\/2024\/04\/1__mercados_da_aerolandia__6-26505547-300x213.jpg 300w\" sizes=\"auto, (max-width: 506px) 100vw, 506px\" \/><\/figure>\n","protected":false},"excerpt":{"rendered":"<p>Depois de v\u00e1rias reclama\u00e7\u00f5es de moradores, a Prefeitura de Fortaleza desistiu do projeto de juntar as estruturas de ferro dos mercados da Aerol\u00e2ndia e dos Pinh\u00f5es em um s\u00f3 lugar. O Mercado da Aerol\u00e2ndia vai permanecer no bairro e passar\u00e1 por restaura\u00e7\u00e3o. A decis\u00e3o veio ap\u00f3s uma reuni\u00e3o com moradores e representantes da Prefeitura da Capital, nesta ter\u00e7a-feira, dia 23 de abril. O titular da\u00a0Secretaria\u00a0Municipal da Infraestrutura (Seinf), Samuel Dias, esteve presente no encontro.\u00a0<\/p>\n","protected":false},"author":1,"featured_media":32431,"comment_status":"open","ping_status":"open","sticky":false,"template":"","format":"standard","meta":{"footnotes":""},"categories":[1],"tags":[],"class_list":["post-32430","post","type-post","status-publish","format-standard","has-post-thumbnail","hentry","category-noticias"],"_links":{"self":[{"href":"https:\/\/blogdorogeriogomes.com.br\/noticias\/wp-json\/wp\/v2\/posts\/32430","targetHints":{"allow":["GET"]}}],"collection":[{"href":"https:\/\/blogdorogeriogomes.com.br\/noticias\/wp-json\/wp\/v2\/posts"}],"about":[{"href":"https:\/\/blogdorogeriogomes.com.br\/noticias\/wp-json\/wp\/v2\/types\/post"}],"author":[{"embeddable":true,"href":"https:\/\/blogdorogeriogomes.com.br\/noticias\/wp-json\/wp\/v2\/users\/1"}],"replies":[{"embeddable":true,"href":"https:\/\/blogdorogeriogomes.com.br\/noticias\/wp-json\/wp\/v2\/comments?post=32430"}],"version-history":[{"count":1,"href":"https:\/\/blogdorogeriogomes.com.br\/noticias\/wp-json\/wp\/v2\/posts\/32430\/revisions"}],"predecessor-version":[{"id":32432,"href":"https:\/\/blogdorogeriogomes.com.br\/noticias\/wp-json\/wp\/v2\/posts\/32430\/revisions\/32432"}],"wp:featuredmedia":[{"embeddable":true,"href":"https:\/\/blogdorogeriogomes.com.br\/noticias\/wp-json\/wp\/v2\/media\/32431"}],"wp:attachment":[{"href":"https:\/\/blogdorogeriogomes.com.br\/noticias\/wp-json\/wp\/v2\/media?parent=32430"}],"wp:term":[{"taxonomy":"category","embeddable":true,"href":"https:\/\/blogdorogeriogomes.com.br\/noticias\/wp-json\/wp\/v2\/categories?post=32430"},{"taxonomy":"post_tag","embeddable":true,"href":"https:\/\/blogdorogeriogomes.com.br\/noticias\/wp-json\/wp\/v2\/tags?post=32430"}],"curies":[{"name":"wp","href":"https:\/\/api.w.org\/{rel}","templated":true}]}}