{"id":32433,"date":"2024-04-24T11:11:35","date_gmt":"2024-04-24T11:11:35","guid":{"rendered":"https:\/\/blogdorogeriogomes.com.br\/noticias\/?p=32433"},"modified":"2024-04-24T11:11:36","modified_gmt":"2024-04-24T11:11:36","slug":"inss-comeca-a-pagar-13o-salario-de-aposentados-e-pensionistas-nesta-quarta-feira","status":"publish","type":"post","link":"https:\/\/blogdorogeriogomes.com.br\/noticias\/2024\/04\/inss-comeca-a-pagar-13o-salario-de-aposentados-e-pensionistas-nesta-quarta-feira\/","title":{"rendered":"INSS come\u00e7a a pagar 13\u00ba sal\u00e1rio de aposentados e pensionistas nesta quarta-feira"},"content":{"rendered":"\n<p>Come\u00e7a nesta quarta-feira, dia 24 de abril, o pagamento do abono anual aos benefici\u00e1rios da Previd\u00eancia Social, tamb\u00e9m conhecido como &#8220;13\u00ba do INSS&#8221; para quem recebe at\u00e9 um sal\u00e1rio m\u00ednimo. Para quem recebe mais, os pagamentos come\u00e7am no dia 2 de maio.<\/p>\n\n\n\n<p>Primeiros a receber ser\u00e3o os benefici\u00e1rios com N\u00famero de Identifica\u00e7\u00e3o Social (NIS) com final 1. No m\u00eas passado, o presidente Luiz In\u00e1cio Lula da Silva (PT) assinou um decreto que antecipou o repasse.<\/p>\n\n\n\n<p>Ter\u00e3o direito ao abono pessoas que, em 2024, tenham recebido aux\u00edlio por incapacidade tempor\u00e1ria, aux\u00edlio-acidente, aposentadoria, pens\u00e3o por morte ou aux\u00edlio-reclus\u00e3o da Previd\u00eancia Social. Mais de 33,7 milh\u00f5es ser\u00e3o beneficiados.<\/p>\n\n\n\n<figure class=\"wp-block-image size-full\"><img loading=\"lazy\" decoding=\"async\" width=\"739\" height=\"415\" src=\"https:\/\/blogdorogeriogomes.com.br\/noticias\/wp-content\/uploads\/2024\/04\/images-88.jpeg\" alt=\"\" class=\"wp-image-32434\" srcset=\"https:\/\/blogdorogeriogomes.com.br\/noticias\/wp-content\/uploads\/2024\/04\/images-88.jpeg 739w, https:\/\/blogdorogeriogomes.com.br\/noticias\/wp-content\/uploads\/2024\/04\/images-88-300x168.jpeg 300w\" sizes=\"auto, (max-width: 739px) 100vw, 739px\" \/><\/figure>\n","protected":false},"excerpt":{"rendered":"<p>Come\u00e7a nesta quarta-feira, dia 24 de abril, o pagamento do abono anual aos benefici\u00e1rios da Previd\u00eancia Social, tamb\u00e9m conhecido como &#8220;13\u00ba do INSS&#8221; para quem recebe at\u00e9 um sal\u00e1rio m\u00ednimo. Para quem recebe mais, os pagamentos come\u00e7am no dia 2 de maio. Primeiros a receber ser\u00e3o os benefici\u00e1rios com N\u00famero de Identifica\u00e7\u00e3o Social (NIS) com final 1. No m\u00eas passado, o presidente Luiz In\u00e1cio Lula da Silva (PT) assinou um decreto que antecipou o repasse. Ter\u00e3o direito ao abono&hellip;<\/p>\n","protected":false},"author":1,"featured_media":32434,"comment_status":"open","ping_status":"open","sticky":false,"template":"","format":"standard","meta":{"footnotes":""},"categories":[1],"tags":[],"class_list":["post-32433","post","type-post","status-publish","format-standard","has-post-thumbnail","hentry","category-noticias"],"_links":{"self":[{"href":"https:\/\/blogdorogeriogomes.com.br\/noticias\/wp-json\/wp\/v2\/posts\/32433","targetHints":{"allow":["GET"]}}],"collection":[{"href":"https:\/\/blogdorogeriogomes.com.br\/noticias\/wp-json\/wp\/v2\/posts"}],"about":[{"href":"https:\/\/blogdorogeriogomes.com.br\/noticias\/wp-json\/wp\/v2\/types\/post"}],"author":[{"embeddable":true,"href":"https:\/\/blogdorogeriogomes.com.br\/noticias\/wp-json\/wp\/v2\/users\/1"}],"replies":[{"embeddable":true,"href":"https:\/\/blogdorogeriogomes.com.br\/noticias\/wp-json\/wp\/v2\/comments?post=32433"}],"version-history":[{"count":1,"href":"https:\/\/blogdorogeriogomes.com.br\/noticias\/wp-json\/wp\/v2\/posts\/32433\/revisions"}],"predecessor-version":[{"id":32435,"href":"https:\/\/blogdorogeriogomes.com.br\/noticias\/wp-json\/wp\/v2\/posts\/32433\/revisions\/32435"}],"wp:featuredmedia":[{"embeddable":true,"href":"https:\/\/blogdorogeriogomes.com.br\/noticias\/wp-json\/wp\/v2\/media\/32434"}],"wp:attachment":[{"href":"https:\/\/blogdorogeriogomes.com.br\/noticias\/wp-json\/wp\/v2\/media?parent=32433"}],"wp:term":[{"taxonomy":"category","embeddable":true,"href":"https:\/\/blogdorogeriogomes.com.br\/noticias\/wp-json\/wp\/v2\/categories?post=32433"},{"taxonomy":"post_tag","embeddable":true,"href":"https:\/\/blogdorogeriogomes.com.br\/noticias\/wp-json\/wp\/v2\/tags?post=32433"}],"curies":[{"name":"wp","href":"https:\/\/api.w.org\/{rel}","templated":true}]}}