{"id":32436,"date":"2024-04-24T19:20:25","date_gmt":"2024-04-24T19:20:25","guid":{"rendered":"https:\/\/blogdorogeriogomes.com.br\/noticias\/?p=32436"},"modified":"2024-04-24T19:23:15","modified_gmt":"2024-04-24T19:23:15","slug":"fortal-2024-ganha-novos-espaco-e-vai-acontecer-em-terreno-proximo-ao-aeroporto-de-fortaleza-de-18-e-21-de-julho","status":"publish","type":"post","link":"https:\/\/blogdorogeriogomes.com.br\/noticias\/2024\/04\/fortal-2024-ganha-novos-espaco-e-vai-acontecer-em-terreno-proximo-ao-aeroporto-de-fortaleza-de-18-e-21-de-julho\/","title":{"rendered":"Fortal 2024 ganha novos espa\u00e7os e vai acontecer em terreno pr\u00f3ximo ao Aeroporto de Fortaleza de 18 e 21 de julho"},"content":{"rendered":"\n<p>O Fortal 2024 est\u00e1 confirmado para o per\u00edodo entre 18 e 21 de julho em novo local. Ser\u00e1 em um terreno de 20 hectares, pr\u00f3ximo ao Aeroporto Internacional Pinto Martins. At\u00e9 o ano passado, quando a micareta completou 30 anos, a maratona de shows acontecia no bairro Manoel Dias Branco, pr\u00f3ximo \u00e0 Praia do Futuro.<\/p>\n\n\n\n<p>A Nova Cidade Fortal vai manter todos os espa\u00e7os j\u00e1 conhecidos pelo p\u00fablico: Corredor da Folia, Camarote Mucuripe, Camarotes Corporativos, Palco Avenida e concentra\u00e7\u00e3o dos trios el\u00e9tricos com pra\u00e7a de alimenta\u00e7\u00e3o e amplo estacionamento.O acesso ocorrer\u00e1 pela Avenida Senador Carlos Jereissati, conhecida como Avenida do Aeroporto.<\/p>\n\n\n\n<p>As atra\u00e7\u00f5es de 2024 envolvem artistas j\u00e1 tradicionais na micareta como Bell Marques e L\u00e9o Santana, mas tamb\u00e9m traz novidades, como o bloco &#8216;O Vale&#8217;, que estreia sob o comando de Alinne Rosa, dois dias de &#8216;Largadinho&#8217; na sexta-feira e no s\u00e1bado, com Claudia Leitte, o novo bloco de Ivete Sangalo no domingo, o &#8216;Se Lan\u00e7a&#8217;, e trios independentes, com Ricardo Chaves e Vina Calmon.<\/p>\n\n\n\n<figure class=\"wp-block-image size-full\"><img loading=\"lazy\" decoding=\"async\" width=\"480\" height=\"270\" src=\"https:\/\/blogdorogeriogomes.com.br\/noticias\/wp-content\/uploads\/2024\/04\/nova-cidade-fortal-2024_Easy-Resize.com_.jpg\" alt=\"\" class=\"wp-image-32437\" srcset=\"https:\/\/blogdorogeriogomes.com.br\/noticias\/wp-content\/uploads\/2024\/04\/nova-cidade-fortal-2024_Easy-Resize.com_.jpg 480w, https:\/\/blogdorogeriogomes.com.br\/noticias\/wp-content\/uploads\/2024\/04\/nova-cidade-fortal-2024_Easy-Resize.com_-300x169.jpg 300w\" sizes=\"auto, (max-width: 480px) 100vw, 480px\" \/><\/figure>\n\n\n\n<figure class=\"wp-block-image size-full\"><img loading=\"lazy\" decoding=\"async\" width=\"1000\" height=\"562\" src=\"https:\/\/blogdorogeriogomes.com.br\/noticias\/wp-content\/uploads\/2024\/04\/d7feab4c-dddc-4ec8-875c-6379d5c29560.jpg\" alt=\"\" class=\"wp-image-32438\" srcset=\"https:\/\/blogdorogeriogomes.com.br\/noticias\/wp-content\/uploads\/2024\/04\/d7feab4c-dddc-4ec8-875c-6379d5c29560.jpg 1000w, https:\/\/blogdorogeriogomes.com.br\/noticias\/wp-content\/uploads\/2024\/04\/d7feab4c-dddc-4ec8-875c-6379d5c29560-300x169.jpg 300w, https:\/\/blogdorogeriogomes.com.br\/noticias\/wp-content\/uploads\/2024\/04\/d7feab4c-dddc-4ec8-875c-6379d5c29560-768x432.jpg 768w, https:\/\/blogdorogeriogomes.com.br\/noticias\/wp-content\/uploads\/2024\/04\/d7feab4c-dddc-4ec8-875c-6379d5c29560-800x450.jpg 800w\" sizes=\"auto, (max-width: 1000px) 100vw, 1000px\" \/><\/figure>\n","protected":false},"excerpt":{"rendered":"<p>O Fortal 2024 est\u00e1 confirmado para o per\u00edodo entre 18 e 21 de julho em novo local. Ser\u00e1 em um terreno de 20 hectares, pr\u00f3ximo ao Aeroporto Internacional Pinto Martins. At\u00e9 o ano passado, quando a micareta completou 30 anos, a maratona de shows acontecia no bairro Manoel Dias Branco, pr\u00f3ximo \u00e0 Praia do Futuro. A Nova Cidade Fortal vai manter todos os espa\u00e7os j\u00e1 conhecidos pelo p\u00fablico: Corredor da Folia, Camarote Mucuripe, Camarotes Corporativos, Palco Avenida e concentra\u00e7\u00e3o&hellip;<\/p>\n","protected":false},"author":1,"featured_media":32437,"comment_status":"open","ping_status":"open","sticky":false,"template":"","format":"standard","meta":{"footnotes":""},"categories":[1],"tags":[],"class_list":["post-32436","post","type-post","status-publish","format-standard","has-post-thumbnail","hentry","category-noticias"],"_links":{"self":[{"href":"https:\/\/blogdorogeriogomes.com.br\/noticias\/wp-json\/wp\/v2\/posts\/32436","targetHints":{"allow":["GET"]}}],"collection":[{"href":"https:\/\/blogdorogeriogomes.com.br\/noticias\/wp-json\/wp\/v2\/posts"}],"about":[{"href":"https:\/\/blogdorogeriogomes.com.br\/noticias\/wp-json\/wp\/v2\/types\/post"}],"author":[{"embeddable":true,"href":"https:\/\/blogdorogeriogomes.com.br\/noticias\/wp-json\/wp\/v2\/users\/1"}],"replies":[{"embeddable":true,"href":"https:\/\/blogdorogeriogomes.com.br\/noticias\/wp-json\/wp\/v2\/comments?post=32436"}],"version-history":[{"count":2,"href":"https:\/\/blogdorogeriogomes.com.br\/noticias\/wp-json\/wp\/v2\/posts\/32436\/revisions"}],"predecessor-version":[{"id":32440,"href":"https:\/\/blogdorogeriogomes.com.br\/noticias\/wp-json\/wp\/v2\/posts\/32436\/revisions\/32440"}],"wp:featuredmedia":[{"embeddable":true,"href":"https:\/\/blogdorogeriogomes.com.br\/noticias\/wp-json\/wp\/v2\/media\/32437"}],"wp:attachment":[{"href":"https:\/\/blogdorogeriogomes.com.br\/noticias\/wp-json\/wp\/v2\/media?parent=32436"}],"wp:term":[{"taxonomy":"category","embeddable":true,"href":"https:\/\/blogdorogeriogomes.com.br\/noticias\/wp-json\/wp\/v2\/categories?post=32436"},{"taxonomy":"post_tag","embeddable":true,"href":"https:\/\/blogdorogeriogomes.com.br\/noticias\/wp-json\/wp\/v2\/tags?post=32436"}],"curies":[{"name":"wp","href":"https:\/\/api.w.org\/{rel}","templated":true}]}}