{"id":32441,"date":"2024-04-25T11:10:49","date_gmt":"2024-04-25T11:10:49","guid":{"rendered":"https:\/\/blogdorogeriogomes.com.br\/noticias\/?p=32441"},"modified":"2024-04-25T11:10:50","modified_gmt":"2024-04-25T11:10:50","slug":"detran-ceara-retoma-atendimento-apos-fim-da-greve-dos-servidores","status":"publish","type":"post","link":"https:\/\/blogdorogeriogomes.com.br\/noticias\/2024\/04\/detran-ceara-retoma-atendimento-apos-fim-da-greve-dos-servidores\/","title":{"rendered":"Detran Cear\u00e1 retoma atendimento ap\u00f3s fim da greve dos servidores"},"content":{"rendered":"\n<p>A greve dos servidores do Detran Cear\u00e1 chegou ao fim. A categoria decidiu interromper a paralisa\u00e7\u00e3o ap\u00f3s assembleia realizada nesta quarta-feira, dia 24 de abril, quando aceitou a proposta do Governo do Estado. Os trabalhadores voltam a exercer as atividades a partir desta quinta-feira, dia 25.<\/p>\n\n\n\n<p>Os servidores do Detran estavam em greve desde o dia 3 de abril, ficando 21 dias em paralisa\u00e7\u00e3o. O fim da greve foi aprovado por 369 servidores, outros 23 se abstiveram e 12 votaram contra o fim da paralisa\u00e7\u00e3o.<\/p>\n\n\n\n<p>Houve o compromisso do Governo em resolver as distor\u00e7\u00f5es salariais ao longo dos pr\u00f3ximos tr\u00eas anos, parcelado em duas de 30% e a \u00faltima de 40%. O Estado prometeu tamb\u00e9m a revoga\u00e7\u00e3o das quest\u00f5es judiciais de multa contra o sindicato e dirigentes sindicais.<br><\/p>\n\n\n\n<figure class=\"wp-block-image size-full\"><img loading=\"lazy\" decoding=\"async\" width=\"678\" height=\"452\" src=\"https:\/\/blogdorogeriogomes.com.br\/noticias\/wp-content\/uploads\/2024\/04\/images-89.jpeg\" alt=\"\" class=\"wp-image-32442\" srcset=\"https:\/\/blogdorogeriogomes.com.br\/noticias\/wp-content\/uploads\/2024\/04\/images-89.jpeg 678w, https:\/\/blogdorogeriogomes.com.br\/noticias\/wp-content\/uploads\/2024\/04\/images-89-300x200.jpeg 300w\" sizes=\"auto, (max-width: 678px) 100vw, 678px\" \/><\/figure>\n","protected":false},"excerpt":{"rendered":"<p>A greve dos servidores do Detran Cear\u00e1 chegou ao fim. A categoria decidiu interromper a paralisa\u00e7\u00e3o ap\u00f3s assembleia realizada nesta quarta-feira, dia 24 de abril, quando aceitou a proposta do Governo do Estado. Os trabalhadores voltam a exercer as atividades a partir desta quinta-feira, dia 25. Os servidores do Detran estavam em greve desde o dia 3 de abril, ficando 21 dias em paralisa\u00e7\u00e3o. O fim da greve foi aprovado por 369 servidores, outros 23 se abstiveram e 12&hellip;<\/p>\n","protected":false},"author":1,"featured_media":32442,"comment_status":"open","ping_status":"open","sticky":false,"template":"","format":"standard","meta":{"footnotes":""},"categories":[1],"tags":[],"class_list":["post-32441","post","type-post","status-publish","format-standard","has-post-thumbnail","hentry","category-noticias"],"_links":{"self":[{"href":"https:\/\/blogdorogeriogomes.com.br\/noticias\/wp-json\/wp\/v2\/posts\/32441","targetHints":{"allow":["GET"]}}],"collection":[{"href":"https:\/\/blogdorogeriogomes.com.br\/noticias\/wp-json\/wp\/v2\/posts"}],"about":[{"href":"https:\/\/blogdorogeriogomes.com.br\/noticias\/wp-json\/wp\/v2\/types\/post"}],"author":[{"embeddable":true,"href":"https:\/\/blogdorogeriogomes.com.br\/noticias\/wp-json\/wp\/v2\/users\/1"}],"replies":[{"embeddable":true,"href":"https:\/\/blogdorogeriogomes.com.br\/noticias\/wp-json\/wp\/v2\/comments?post=32441"}],"version-history":[{"count":1,"href":"https:\/\/blogdorogeriogomes.com.br\/noticias\/wp-json\/wp\/v2\/posts\/32441\/revisions"}],"predecessor-version":[{"id":32443,"href":"https:\/\/blogdorogeriogomes.com.br\/noticias\/wp-json\/wp\/v2\/posts\/32441\/revisions\/32443"}],"wp:featuredmedia":[{"embeddable":true,"href":"https:\/\/blogdorogeriogomes.com.br\/noticias\/wp-json\/wp\/v2\/media\/32442"}],"wp:attachment":[{"href":"https:\/\/blogdorogeriogomes.com.br\/noticias\/wp-json\/wp\/v2\/media?parent=32441"}],"wp:term":[{"taxonomy":"category","embeddable":true,"href":"https:\/\/blogdorogeriogomes.com.br\/noticias\/wp-json\/wp\/v2\/categories?post=32441"},{"taxonomy":"post_tag","embeddable":true,"href":"https:\/\/blogdorogeriogomes.com.br\/noticias\/wp-json\/wp\/v2\/tags?post=32441"}],"curies":[{"name":"wp","href":"https:\/\/api.w.org\/{rel}","templated":true}]}}